{"id":7662,"date":"2022-05-10T16:07:51","date_gmt":"2022-05-10T16:07:51","guid":{"rendered":"https:\/\/maat.swebwp.oci.eu\/?p=7662"},"modified":"2023-09-25T13:49:25","modified_gmt":"2023-09-25T13:49:25","slug":"maat-pharma-annonce-la-tenue-de-son-assemblee-generale-mixte-le-31-mai-2022-et-la-mise-a-disposition-de-ses-documents-preparatoires","status":"publish","type":"post","link":"https:\/\/maat.swebwp.oci.eu\/fr\/maat-pharma-annonce-la-tenue-de-son-assemblee-generale-mixte-le-31-mai-2022-et-la-mise-a-disposition-de-ses-documents-preparatoires\/","title":{"rendered":"10 mai 2022 : MaaT Pharma annonce la tenue de son Assembl\u00e9e G\u00e9n\u00e9rale Mixte le 31 mai 2022 et la mise \u00e0 disposition de ses documents pr\u00e9paratoires"},"content":{"rendered":"[vc_row type=\u00a0\u00bbin_container\u00a0\u00bb full_screen_row_position=\u00a0\u00bbmiddle\u00a0\u00bb column_margin=\u00a0\u00bbdefault\u00a0\u00bb column_direction=\u00a0\u00bbdefault\u00a0\u00bb column_direction_tablet=\u00a0\u00bbdefault\u00a0\u00bb column_direction_phone=\u00a0\u00bbdefault\u00a0\u00bb scene_position=\u00a0\u00bbcenter\u00a0\u00bb text_color=\u00a0\u00bbdark\u00a0\u00bb text_align=\u00a0\u00bbleft\u00a0\u00bb row_border_radius=\u00a0\u00bbnone\u00a0\u00bb row_border_radius_applies=\u00a0\u00bbbg\u00a0\u00bb overlay_strength=\u00a0\u00bb0.3&Prime; gradient_direction=\u00a0\u00bbleft_to_right\u00a0\u00bb shape_divider_position=\u00a0\u00bbbottom\u00a0\u00bb bg_image_animation=\u00a0\u00bbnone\u00a0\u00bb][vc_column column_padding=\u00a0\u00bbno-extra-padding\u00a0\u00bb column_padding_tablet=\u00a0\u00bbinherit\u00a0\u00bb column_padding_phone=\u00a0\u00bbinherit\u00a0\u00bb column_padding_position=\u00a0\u00bball\u00a0\u00bb column_element_spacing=\u00a0\u00bbdefault\u00a0\u00bb background_color_opacity=\u00a0\u00bb1&Prime; background_hover_color_opacity=\u00a0\u00bb1&Prime; column_shadow=\u00a0\u00bbnone\u00a0\u00bb column_border_radius=\u00a0\u00bbnone\u00a0\u00bb column_link_target=\u00a0\u00bb_self\u00a0\u00bb gradient_direction=\u00a0\u00bbleft_to_right\u00a0\u00bb overlay_strength=\u00a0\u00bb0.3&Prime; width=\u00a0\u00bb1\/6&Prime; tablet_width_inherit=\u00a0\u00bbdefault\u00a0\u00bb tablet_text_alignment=\u00a0\u00bbdefault\u00a0\u00bb phone_text_alignment=\u00a0\u00bbdefault\u00a0\u00bb bg_image_animation=\u00a0\u00bbnone\u00a0\u00bb border_type=\u00a0\u00bbsimple\u00a0\u00bb column_border_width=\u00a0\u00bbnone\u00a0\u00bb column_border_style=\u00a0\u00bbsolid\u00a0\u00bb][\/vc_column][vc_column column_padding=\u00a0\u00bbno-extra-padding\u00a0\u00bb column_padding_tablet=\u00a0\u00bbinherit\u00a0\u00bb column_padding_phone=\u00a0\u00bbinherit\u00a0\u00bb column_padding_position=\u00a0\u00bball\u00a0\u00bb column_element_spacing=\u00a0\u00bbdefault\u00a0\u00bb background_color_opacity=\u00a0\u00bb1&Prime; background_hover_color_opacity=\u00a0\u00bb1&Prime; column_shadow=\u00a0\u00bbnone\u00a0\u00bb column_border_radius=\u00a0\u00bbnone\u00a0\u00bb column_link_target=\u00a0\u00bb_self\u00a0\u00bb gradient_direction=\u00a0\u00bbleft_to_right\u00a0\u00bb overlay_strength=\u00a0\u00bb0.3&Prime; width=\u00a0\u00bb2\/3&Prime; tablet_width_inherit=\u00a0\u00bbdefault\u00a0\u00bb tablet_text_alignment=\u00a0\u00bbdefault\u00a0\u00bb phone_text_alignment=\u00a0\u00bbdefault\u00a0\u00bb bg_image_animation=\u00a0\u00bbnone\u00a0\u00bb border_type=\u00a0\u00bbsimple\u00a0\u00bb column_border_width=\u00a0\u00bbnone\u00a0\u00bb column_border_style=\u00a0\u00bbsolid\u00a0\u00bb][vc_column_text]\n<h3 style=\"text-align: center;\"><span style=\"color: #283583;\">MaaT Pharma annonce la tenue de son Assembl\u00e9e G\u00e9n\u00e9rale Mixte le 31 mai 2022 et la mise \u00e0 disposition de ses\u00a0 documents pr\u00e9paratoires<\/span><\/h3>\n[\/vc_column_text][\/vc_column][vc_column column_padding=\u00a0\u00bbno-extra-padding\u00a0\u00bb column_padding_tablet=\u00a0\u00bbinherit\u00a0\u00bb column_padding_phone=\u00a0\u00bbinherit\u00a0\u00bb column_padding_position=\u00a0\u00bball\u00a0\u00bb column_element_spacing=\u00a0\u00bbdefault\u00a0\u00bb background_color_opacity=\u00a0\u00bb1&Prime; background_hover_color_opacity=\u00a0\u00bb1&Prime; column_shadow=\u00a0\u00bbnone\u00a0\u00bb column_border_radius=\u00a0\u00bbnone\u00a0\u00bb column_link_target=\u00a0\u00bb_self\u00a0\u00bb gradient_direction=\u00a0\u00bbleft_to_right\u00a0\u00bb overlay_strength=\u00a0\u00bb0.3&Prime; width=\u00a0\u00bb1\/6&Prime; tablet_width_inherit=\u00a0\u00bbdefault\u00a0\u00bb tablet_text_alignment=\u00a0\u00bbdefault\u00a0\u00bb phone_text_alignment=\u00a0\u00bbdefault\u00a0\u00bb bg_image_animation=\u00a0\u00bbnone\u00a0\u00bb border_type=\u00a0\u00bbsimple\u00a0\u00bb column_border_width=\u00a0\u00bbnone\u00a0\u00bb column_border_style=\u00a0\u00bbsolid\u00a0\u00bb][\/vc_column][\/vc_row][vc_row type=\u00a0\u00bbin_container\u00a0\u00bb full_screen_row_position=\u00a0\u00bbmiddle\u00a0\u00bb column_margin=\u00a0\u00bbdefault\u00a0\u00bb column_direction=\u00a0\u00bbdefault\u00a0\u00bb column_direction_tablet=\u00a0\u00bbdefault\u00a0\u00bb column_direction_phone=\u00a0\u00bbdefault\u00a0\u00bb scene_position=\u00a0\u00bbcenter\u00a0\u00bb text_color=\u00a0\u00bbdark\u00a0\u00bb text_align=\u00a0\u00bbleft\u00a0\u00bb row_border_radius=\u00a0\u00bbnone\u00a0\u00bb row_border_radius_applies=\u00a0\u00bbbg\u00a0\u00bb overlay_strength=\u00a0\u00bb0.3&Prime; gradient_direction=\u00a0\u00bbleft_to_right\u00a0\u00bb shape_divider_position=\u00a0\u00bbbottom\u00a0\u00bb bg_image_animation=\u00a0\u00bbnone\u00a0\u00bb][vc_column column_padding=\u00a0\u00bbno-extra-padding\u00a0\u00bb column_padding_tablet=\u00a0\u00bbinherit\u00a0\u00bb column_padding_phone=\u00a0\u00bbinherit\u00a0\u00bb column_padding_position=\u00a0\u00bball\u00a0\u00bb column_element_spacing=\u00a0\u00bbdefault\u00a0\u00bb background_color_opacity=\u00a0\u00bb1&Prime; background_hover_color_opacity=\u00a0\u00bb1&Prime; column_shadow=\u00a0\u00bbnone\u00a0\u00bb column_border_radius=\u00a0\u00bbnone\u00a0\u00bb column_link_target=\u00a0\u00bb_self\u00a0\u00bb gradient_direction=\u00a0\u00bbleft_to_right\u00a0\u00bb overlay_strength=\u00a0\u00bb0.3&Prime; width=\u00a0\u00bb1\/6&Prime; tablet_width_inherit=\u00a0\u00bbdefault\u00a0\u00bb tablet_text_alignment=\u00a0\u00bbdefault\u00a0\u00bb phone_text_alignment=\u00a0\u00bbdefault\u00a0\u00bb bg_image_animation=\u00a0\u00bbnone\u00a0\u00bb border_type=\u00a0\u00bbsimple\u00a0\u00bb column_border_width=\u00a0\u00bbnone\u00a0\u00bb column_border_style=\u00a0\u00bbsolid\u00a0\u00bb][\/vc_column][vc_column column_padding=\u00a0\u00bbno-extra-padding\u00a0\u00bb column_padding_tablet=\u00a0\u00bbinherit\u00a0\u00bb column_padding_phone=\u00a0\u00bbinherit\u00a0\u00bb column_padding_position=\u00a0\u00bball\u00a0\u00bb column_element_spacing=\u00a0\u00bbdefault\u00a0\u00bb background_color_opacity=\u00a0\u00bb1&Prime; background_hover_color_opacity=\u00a0\u00bb1&Prime; column_shadow=\u00a0\u00bbnone\u00a0\u00bb column_border_radius=\u00a0\u00bbnone\u00a0\u00bb column_link_target=\u00a0\u00bb_self\u00a0\u00bb gradient_direction=\u00a0\u00bbleft_to_right\u00a0\u00bb overlay_strength=\u00a0\u00bb0.3&Prime; width=\u00a0\u00bb2\/3&Prime; tablet_width_inherit=\u00a0\u00bbdefault\u00a0\u00bb tablet_text_alignment=\u00a0\u00bbdefault\u00a0\u00bb phone_text_alignment=\u00a0\u00bbdefault\u00a0\u00bb bg_image_animation=\u00a0\u00bbnone\u00a0\u00bb border_type=\u00a0\u00bbsimple\u00a0\u00bb column_border_width=\u00a0\u00bbnone\u00a0\u00bb column_border_style=\u00a0\u00bbsolid\u00a0\u00bb][vc_column_text]<strong>Lyon, France, 10 mai 2022 \u2013 18H05 CET &#8211; <\/strong><a href=\"https:\/\/maat.swebwp.oci.eu\/\"><strong>MaaT Pharma<\/strong><\/a><strong> (EURONEXT\u00a0: \u00a0MAAT\u00a0 &#8211; la \u00ab\u00a0Soci\u00e9t\u00e9\u00a0\u00bb), soci\u00e9t\u00e9 fran\u00e7aise de biotechnologies en stade clinique avanc\u00e9, pionni\u00e8re dans le d\u00e9veloppement de m\u00e9dicaments dans la restauration du microbiote intestinal pour am\u00e9liorer la survie des patients atteints de cancers, <\/strong>annonce, dans le cadre de son assembl\u00e9e g\u00e9n\u00e9rale annuelle mixte du 31 mai 2022, la mise \u00e0 disposition sur son site internet des documents vis\u00e9s \u00e0 l\u2019article R.22-10-23 du Code de commerce.<\/p>\n<p>Les actionnaires de la Soci\u00e9t\u00e9 sont invit\u00e9s \u00e0 participer \u00e0 l\u2019Assembl\u00e9e G\u00e9n\u00e9rale Mixte (l\u2019\u00ab AGM \u00bb), qui statuera notamment sur les comptes sociaux de l\u2019exercice clos au 31 d\u00e9cembre 2021. L\u2019AGM se tiendra le :<\/p>\n<p style=\"text-align: center;\"><strong>Mardi 31 mai 2022 \u00e0 10 heures CET<br \/>\n<\/strong><strong>Au si\u00e8ge social de la Soci\u00e9t\u00e9<br \/>\n<\/strong><strong>situ\u00e9 70 avenue Tony Garnier \u2013 69007 Lyon<br \/>\n<\/strong><\/p>\n<p>L\u2019avis de r\u00e9union valant avis de convocation, comportant l\u2019ordre du jour, les projets de r\u00e9solutions ainsi que les informations utiles sur les modalit\u00e9s de tenue de l\u2019AGM et de participation \u00e0 celle-ci, a \u00e9t\u00e9 publi\u00e9 au Bulletin des Annonces L\u00e9gales Obligatoires (BALO) n\u00b049 du 25 avril 2022. La Soci\u00e9t\u00e9 informe par ailleurs ses actionnaires que l\u2019ordre du jour et les projets de r\u00e9solutions ont \u00e9volu\u00e9 depuis la publication de l\u2019avis de r\u00e9union\u00a0et les invite \u00e0 prendre connaissance des documents pr\u00e9paratoires \u00e0 cette AGM mis \u00e0 disposition des actionnaires de la Soci\u00e9t\u00e9 selon les modalit\u00e9s et dans les d\u00e9lais pr\u00e9vus par les dispositions l\u00e9gales et r\u00e9glementaires applicables. Les documents vis\u00e9s \u00e0 l\u2019article R.22-10-23 du Code de commerce sont disponibles sur l\u2019<a href=\"https:\/\/maat.swebwp.oci.eu\/fr\/investisseurs\/#AG\">espace investisseur du site internet de la Soci\u00e9t\u00e9<\/a>. Sur demande \u00e9crite adress\u00e9e au si\u00e8ge de la Soci\u00e9t\u00e9, par voie postale ou courrier \u00e9lectronique adress\u00e9 \u00e0 l\u2019adresse suivante : <a href=\"https:\/\/maatpharma.sharepoint.com\/sites\/Maat_Storage\/Document\/4-Support%20functions\/4.10-%20Communication\/0.4%20Press%20Release-CP\/2022\/Financial%20PR\/220509_PR%20AGA_Votaccess\/legal@maat-pharma.com\">legal@maat-pharma.com<\/a>, et jusqu&rsquo;au cinqui\u00e8me jour inclusivement avant l&rsquo;AGM du 31 mai 2022, soit le 26 mai 2022, tout actionnaire pourra demander \u00e0 la Soci\u00e9t\u00e9 de lui envoyer ces documents. Pour les actionnaires au porteur, elles devront \u00eatre accompagn\u00e9es, d\u2019une attestation d\u2019inscription dans les comptes de titres tenus par un interm\u00e9diaire mentionn\u00e9 \u00e0 l&rsquo;article L. 211-3 du code mon\u00e9taire et financier.<\/p>\n<p>Compte tenu du contexte de crise sanitaire li\u00e9e \u00e0 la pand\u00e9mie de COVID-19, les modalit\u00e9s de tenue et de participation de cette Assembl\u00e9e G\u00e9n\u00e9rale peuvent \u00eatre amen\u00e9es \u00e0 \u00e9voluer en fonction de l\u2019\u00e9volution de la situation sanitaire et\/ou r\u00e9glementaire. Les actionnaires sont invit\u00e9s \u00e0 consulter r\u00e9guli\u00e8rement la rubrique d\u00e9di\u00e9e \u00e0 l\u2019Assembl\u00e9e G\u00e9n\u00e9rale sur le site internet de la Soci\u00e9t\u00e9\u00a0: <a href=\"https:\/\/maat.swebwp.oci.eu\/fr\/investisseurs\/#AG\">www.maatpharma.com\/fr\/investisseurs\/#AG<\/a>.[\/vc_column_text][\/vc_column][vc_column column_padding=\u00a0\u00bbno-extra-padding\u00a0\u00bb column_padding_tablet=\u00a0\u00bbinherit\u00a0\u00bb column_padding_phone=\u00a0\u00bbinherit\u00a0\u00bb column_padding_position=\u00a0\u00bball\u00a0\u00bb column_element_spacing=\u00a0\u00bbdefault\u00a0\u00bb background_color_opacity=\u00a0\u00bb1&Prime; background_hover_color_opacity=\u00a0\u00bb1&Prime; column_shadow=\u00a0\u00bbnone\u00a0\u00bb column_border_radius=\u00a0\u00bbnone\u00a0\u00bb column_link_target=\u00a0\u00bb_self\u00a0\u00bb gradient_direction=\u00a0\u00bbleft_to_right\u00a0\u00bb overlay_strength=\u00a0\u00bb0.3&Prime; width=\u00a0\u00bb1\/6&Prime; tablet_width_inherit=\u00a0\u00bbdefault\u00a0\u00bb tablet_text_alignment=\u00a0\u00bbdefault\u00a0\u00bb phone_text_alignment=\u00a0\u00bbdefault\u00a0\u00bb bg_image_animation=\u00a0\u00bbnone\u00a0\u00bb border_type=\u00a0\u00bbsimple\u00a0\u00bb column_border_width=\u00a0\u00bbnone\u00a0\u00bb column_border_style=\u00a0\u00bbsolid\u00a0\u00bb][\/vc_column][\/vc_row][vc_row type=\u00a0\u00bbin_container\u00a0\u00bb full_screen_row_position=\u00a0\u00bbmiddle\u00a0\u00bb column_margin=\u00a0\u00bbdefault\u00a0\u00bb column_direction=\u00a0\u00bbdefault\u00a0\u00bb column_direction_tablet=\u00a0\u00bbdefault\u00a0\u00bb column_direction_phone=\u00a0\u00bbdefault\u00a0\u00bb scene_position=\u00a0\u00bbcenter\u00a0\u00bb text_color=\u00a0\u00bbdark\u00a0\u00bb text_align=\u00a0\u00bbleft\u00a0\u00bb row_border_radius=\u00a0\u00bbnone\u00a0\u00bb row_border_radius_applies=\u00a0\u00bbbg\u00a0\u00bb overlay_strength=\u00a0\u00bb0.3&Prime; gradient_direction=\u00a0\u00bbleft_to_right\u00a0\u00bb shape_divider_position=\u00a0\u00bbbottom\u00a0\u00bb bg_image_animation=\u00a0\u00bbnone\u00a0\u00bb][vc_column column_padding=\u00a0\u00bbno-extra-padding\u00a0\u00bb column_padding_tablet=\u00a0\u00bbinherit\u00a0\u00bb column_padding_phone=\u00a0\u00bbinherit\u00a0\u00bb column_padding_position=\u00a0\u00bball\u00a0\u00bb column_element_spacing=\u00a0\u00bbdefault\u00a0\u00bb background_color_opacity=\u00a0\u00bb1&Prime; background_hover_color_opacity=\u00a0\u00bb1&Prime; column_shadow=\u00a0\u00bbnone\u00a0\u00bb column_border_radius=\u00a0\u00bbnone\u00a0\u00bb column_link_target=\u00a0\u00bb_self\u00a0\u00bb gradient_direction=\u00a0\u00bbleft_to_right\u00a0\u00bb overlay_strength=\u00a0\u00bb0.3&Prime; width=\u00a0\u00bb1\/6&Prime; tablet_width_inherit=\u00a0\u00bbdefault\u00a0\u00bb tablet_text_alignment=\u00a0\u00bbdefault\u00a0\u00bb phone_text_alignment=\u00a0\u00bbdefault\u00a0\u00bb bg_image_animation=\u00a0\u00bbnone\u00a0\u00bb border_type=\u00a0\u00bbsimple\u00a0\u00bb column_border_width=\u00a0\u00bbnone\u00a0\u00bb column_border_style=\u00a0\u00bbsolid\u00a0\u00bb][\/vc_column][vc_column column_padding=\u00a0\u00bbno-extra-padding\u00a0\u00bb column_padding_tablet=\u00a0\u00bbinherit\u00a0\u00bb column_padding_phone=\u00a0\u00bbinherit\u00a0\u00bb column_padding_position=\u00a0\u00bball\u00a0\u00bb column_element_spacing=\u00a0\u00bbdefault\u00a0\u00bb background_color_opacity=\u00a0\u00bb1&Prime; background_hover_color_opacity=\u00a0\u00bb1&Prime; column_shadow=\u00a0\u00bbnone\u00a0\u00bb column_border_radius=\u00a0\u00bbnone\u00a0\u00bb column_link_target=\u00a0\u00bb_self\u00a0\u00bb gradient_direction=\u00a0\u00bbleft_to_right\u00a0\u00bb overlay_strength=\u00a0\u00bb0.3&Prime; width=\u00a0\u00bb2\/3&Prime; tablet_width_inherit=\u00a0\u00bbdefault\u00a0\u00bb tablet_text_alignment=\u00a0\u00bbdefault\u00a0\u00bb phone_text_alignment=\u00a0\u00bbdefault\u00a0\u00bb bg_image_animation=\u00a0\u00bbnone\u00a0\u00bb border_type=\u00a0\u00bbsimple\u00a0\u00bb column_border_width=\u00a0\u00bbnone\u00a0\u00bb column_border_style=\u00a0\u00bbsolid\u00a0\u00bb][vc_column_text]<strong><span style=\"color: #283583;\">A propos de MaaT Pharma<\/span><\/strong><\/p>\n<p>MaaT Pharma est une soci\u00e9t\u00e9 de biotechnologies au stade clinique qui a mis au point une approche compl\u00e8te pour restaurer la symbiose microbiote\/h\u00f4te des patients atteints de cancers. Engag\u00e9e dans le traitement des cancers et de la maladie du greffon contre l\u2019h\u00f4te (GvH), une complication grave survenant apr\u00e8s une greffe de cellules souches h\u00e9matopo\u00ef\u00e9tiques, MaaT Pharma a lanc\u00e9 en mars 2022, un essai de clinique pivot de Phase 3 chez des patients atteints de GvH aigu\u00eb, apr\u00e8s avoir r\u00e9alis\u00e9 la preuve de concept de son approche dans un essai clinique de Phase 2. Sa puissante plateforme de d\u00e9couverte et d\u2019analyse, gutPrint\u00ae soutient le d\u00e9veloppement de son portefeuille de produits et son extension \u00e0 des indications plus larges, en aidant \u00e0 d\u00e9terminer de nouvelles cibles th\u00e9rapeutiques, \u00e0 \u00e9valuer les m\u00e9dicaments candidats et \u00e0 identifier des biomarqueurs pour la prise en charge de pathologies impliquant le microbiote.<br \/>\nLes th\u00e9rapies issues d\u2019un \u00e9cosyst\u00e8me microbien (<em>Microbiome Ecosystem Therapies<\/em>) sont toutes produites dans le cadre tr\u00e8s standardis\u00e9 d\u2019une fabrication et de contr\u00f4les qualit\u00e9 cGMP afin de garantir en toute s\u00e9curit\u00e9 l\u2019acc\u00e8s \u00e0 la diversit\u00e9 et \u00e0 la richesse du microbiome, sous forme orale ou d\u2019<em>enema<\/em>. MaaT Pharma b\u00e9n\u00e9ficie de l\u2019engagement de scientifiques de renomm\u00e9e mondiale et de relations \u00e9tablies avec les instances r\u00e9glementaires pour faire progresser l\u2019int\u00e9gration des th\u00e9rapies \u00e0 base de microbiote dans la pratique clinique.<\/p>\n<p>MaaT Pharma est la premi\u00e8re soci\u00e9t\u00e9 d\u00e9veloppant des m\u00e9dicaments \u00e0 base de microbiote cot\u00e9e sur Euronext Paris (Code mn\u00e9monique\u00a0: MAAT).[\/vc_column_text][image_with_animation image_url=\u00a0\u00bb6212&Prime; animation=\u00a0\u00bbFade In\u00a0\u00bb hover_animation=\u00a0\u00bbnone\u00a0\u00bb alignment=\u00a0\u00bbcenter\u00a0\u00bb border_radius=\u00a0\u00bbnone\u00a0\u00bb box_shadow=\u00a0\u00bbnone\u00a0\u00bb image_loading=\u00a0\u00bbdefault\u00a0\u00bb max_width=\u00a0\u00bb100%\u00a0\u00bb max_width_mobile=\u00a0\u00bbdefault\u00a0\u00bb][divider line_type=\u00a0\u00bbNo Line\u00a0\u00bb custom_height=\u00a0\u00bb20&Prime;][\/vc_column][\/vc_row][vc_row type=\u00a0\u00bbin_container\u00a0\u00bb full_screen_row_position=\u00a0\u00bbmiddle\u00a0\u00bb column_margin=\u00a0\u00bbdefault\u00a0\u00bb column_direction=\u00a0\u00bbdefault\u00a0\u00bb column_direction_tablet=\u00a0\u00bbdefault\u00a0\u00bb column_direction_phone=\u00a0\u00bbdefault\u00a0\u00bb scene_position=\u00a0\u00bbcenter\u00a0\u00bb text_color=\u00a0\u00bbdark\u00a0\u00bb text_align=\u00a0\u00bbleft\u00a0\u00bb row_border_radius=\u00a0\u00bbnone\u00a0\u00bb row_border_radius_applies=\u00a0\u00bbbg\u00a0\u00bb overlay_strength=\u00a0\u00bb0.3&Prime; gradient_direction=\u00a0\u00bbleft_to_right\u00a0\u00bb shape_divider_position=\u00a0\u00bbbottom\u00a0\u00bb bg_image_animation=\u00a0\u00bbnone\u00a0\u00bb][vc_column column_padding=\u00a0\u00bbno-extra-padding\u00a0\u00bb column_padding_tablet=\u00a0\u00bbinherit\u00a0\u00bb column_padding_phone=\u00a0\u00bbinherit\u00a0\u00bb column_padding_position=\u00a0\u00bball\u00a0\u00bb column_element_spacing=\u00a0\u00bbdefault\u00a0\u00bb background_color_opacity=\u00a0\u00bb1&Prime; background_hover_color_opacity=\u00a0\u00bb1&Prime; column_shadow=\u00a0\u00bbnone\u00a0\u00bb column_border_radius=\u00a0\u00bbnone\u00a0\u00bb column_link_target=\u00a0\u00bb_self\u00a0\u00bb gradient_direction=\u00a0\u00bbleft_to_right\u00a0\u00bb overlay_strength=\u00a0\u00bb0.3&Prime; width=\u00a0\u00bb1\/6&Prime; tablet_width_inherit=\u00a0\u00bbdefault\u00a0\u00bb tablet_text_alignment=\u00a0\u00bbdefault\u00a0\u00bb phone_text_alignment=\u00a0\u00bbdefault\u00a0\u00bb bg_image_animation=\u00a0\u00bbnone\u00a0\u00bb border_type=\u00a0\u00bbsimple\u00a0\u00bb column_border_width=\u00a0\u00bbnone\u00a0\u00bb column_border_style=\u00a0\u00bbsolid\u00a0\u00bb][\/vc_column][vc_column column_padding=\u00a0\u00bbno-extra-padding\u00a0\u00bb column_padding_tablet=\u00a0\u00bbinherit\u00a0\u00bb column_padding_phone=\u00a0\u00bbinherit\u00a0\u00bb column_padding_position=\u00a0\u00bball\u00a0\u00bb column_element_spacing=\u00a0\u00bbdefault\u00a0\u00bb background_color_opacity=\u00a0\u00bb1&Prime; background_hover_color_opacity=\u00a0\u00bb1&Prime; column_shadow=\u00a0\u00bbnone\u00a0\u00bb column_border_radius=\u00a0\u00bbnone\u00a0\u00bb column_link_target=\u00a0\u00bb_self\u00a0\u00bb gradient_direction=\u00a0\u00bbleft_to_right\u00a0\u00bb overlay_strength=\u00a0\u00bb0.3&Prime; width=\u00a0\u00bb2\/3&Prime; tablet_width_inherit=\u00a0\u00bbdefault\u00a0\u00bb tablet_text_alignment=\u00a0\u00bbdefault\u00a0\u00bb phone_text_alignment=\u00a0\u00bbdefault\u00a0\u00bb bg_image_animation=\u00a0\u00bbnone\u00a0\u00bb border_type=\u00a0\u00bbsimple\u00a0\u00bb column_border_width=\u00a0\u00bbnone\u00a0\u00bb column_border_style=\u00a0\u00bbsolid\u00a0\u00bb][nectar_btn size=\u00a0\u00bblarge\u00a0\u00bb open_new_tab=\u00a0\u00bbtrue\u00a0\u00bb button_style=\u00a0\u00bbregular\u00a0\u00bb button_color_2=\u00a0\u00bbAccent-Color\u00a0\u00bb icon_family=\u00a0\u00bbnone\u00a0\u00bb text=\u00a0\u00bbT\u00e9l\u00e9charger le communiqu\u00e9 de presse\u00a0\u00bb url=\u00a0\u00bbhttps:\/\/maat.swebwp.oci.eu\/wp-content\/uploads\/2022\/05\/220510_CP_MaaTPharma_Avis-de-re\u0301union-AGA-VF.pdf\u00a0\u00bb][\/vc_column][vc_column column_padding=\u00a0\u00bbno-extra-padding\u00a0\u00bb column_padding_tablet=\u00a0\u00bbinherit\u00a0\u00bb column_padding_phone=\u00a0\u00bbinherit\u00a0\u00bb column_padding_position=\u00a0\u00bball\u00a0\u00bb column_element_spacing=\u00a0\u00bbdefault\u00a0\u00bb background_color_opacity=\u00a0\u00bb1&Prime; background_hover_color_opacity=\u00a0\u00bb1&Prime; column_shadow=\u00a0\u00bbnone\u00a0\u00bb column_border_radius=\u00a0\u00bbnone\u00a0\u00bb column_link_target=\u00a0\u00bb_self\u00a0\u00bb gradient_direction=\u00a0\u00bbleft_to_right\u00a0\u00bb overlay_strength=\u00a0\u00bb0.3&Prime; width=\u00a0\u00bb1\/6&Prime; tablet_width_inherit=\u00a0\u00bbdefault\u00a0\u00bb tablet_text_alignment=\u00a0\u00bbdefault\u00a0\u00bb phone_text_alignment=\u00a0\u00bbdefault\u00a0\u00bb bg_image_animation=\u00a0\u00bbnone\u00a0\u00bb border_type=\u00a0\u00bbsimple\u00a0\u00bb column_border_width=\u00a0\u00bbnone\u00a0\u00bb column_border_style=\u00a0\u00bbsolid\u00a0\u00bb][\/vc_column][\/vc_row]\n","protected":false},"excerpt":{"rendered":"<p>[vc_row type=\u00a0\u00bbin_container\u00a0\u00bb full_screen_row_position=\u00a0\u00bbmiddle\u00a0\u00bb column_margin=\u00a0\u00bbdefault\u00a0\u00bb column_direction=\u00a0\u00bbdefault\u00a0\u00bb column_direction_tablet=\u00a0\u00bbdefault\u00a0\u00bb column_direction_phone=\u00a0\u00bbdefault\u00a0\u00bb scene_position=\u00a0\u00bbcenter\u00a0\u00bb text_color=\u00a0\u00bbdark\u00a0\u00bb text_align=\u00a0\u00bbleft\u00a0\u00bb row_border_radius=\u00a0\u00bbnone\u00a0\u00bb row_border_radius_applies=\u00a0\u00bbbg\u00a0\u00bb overlay_strength=\u00a0\u00bb0.3&Prime; gradient_direction=\u00a0\u00bbleft_to_right\u00a0\u00bb shape_divider_position=\u00a0\u00bbbottom\u00a0\u00bb bg_image_animation=\u00a0\u00bbnone\u00a0\u00bb][vc_column column_padding=\u00a0\u00bbno-extra-padding\u00a0\u00bb column_padding_tablet=\u00a0\u00bbinherit\u00a0\u00bb column_padding_phone=\u00a0\u00bbinherit\u00a0\u00bb column_padding_position=\u00a0\u00bball\u00a0\u00bb column_element_spacing=\u00a0\u00bbdefault\u00a0\u00bb background_color_opacity=\u00a0\u00bb1&Prime; background_hover_color_opacity=\u00a0\u00bb1&Prime; column_shadow=\u00a0\u00bbnone\u00a0\u00bb column_border_radius=\u00a0\u00bbnone\u00a0\u00bb column_link_target=\u00a0\u00bb_self\u00a0\u00bb gradient_direction=\u00a0\u00bbleft_to_right\u00a0\u00bb overlay_strength=\u00a0\u00bb0.3&Prime; width=\u00a0\u00bb1\/6&Prime; tablet_width_inherit=\u00a0\u00bbdefault\u00a0\u00bb&#8230;<\/p>\n","protected":false},"author":2,"featured_media":7120,"comment_status":"closed","ping_status":"closed","sticky":false,"template":"","format":"standard","meta":{"_acf_changed":false,"footnotes":""},"categories":[21],"tags":[],"category_press":[],"year_press":[48],"class_list":{"0":"post-7662","1":"post","2":"type-post","3":"status-publish","4":"format-standard","5":"has-post-thumbnail","7":"category-communiques-de-presse-fr","8":"year_press-48"},"acf":[],"yoast_head":"<!-- This site is optimized with the Yoast SEO plugin v25.3.1 - https:\/\/yoast.com\/wordpress\/plugins\/seo\/ -->\n<title>10 mai 2022 : MaaT Pharma annonce la tenue de son Assembl\u00e9e G\u00e9n\u00e9rale Mixte le 31 mai 2022 et la mise \u00e0 disposition de ses documents pr\u00e9paratoires - MaaT Pharma<\/title>\n<meta name=\"robots\" content=\"noindex, follow, max-snippet:-1, max-image-preview:large, max-video-preview:-1\" \/>\n<meta property=\"og:locale\" content=\"fr_FR\" \/>\n<meta property=\"og:type\" content=\"article\" \/>\n<meta property=\"og:title\" content=\"10 mai 2022 : MaaT Pharma annonce la tenue de son Assembl\u00e9e G\u00e9n\u00e9rale Mixte le 31 mai 2022 et la mise \u00e0 disposition de ses documents pr\u00e9paratoires - MaaT Pharma\" \/>\n<meta property=\"og:description\" content=\"[vc_row type=\u00a0\u00bbin_container\u00a0\u00bb full_screen_row_position=\u00a0\u00bbmiddle\u00a0\u00bb column_margin=\u00a0\u00bbdefault\u00a0\u00bb column_direction=\u00a0\u00bbdefault\u00a0\u00bb column_direction_tablet=\u00a0\u00bbdefault\u00a0\u00bb column_direction_phone=\u00a0\u00bbdefault\u00a0\u00bb scene_position=\u00a0\u00bbcenter\u00a0\u00bb text_color=\u00a0\u00bbdark\u00a0\u00bb text_align=\u00a0\u00bbleft\u00a0\u00bb row_border_radius=\u00a0\u00bbnone\u00a0\u00bb row_border_radius_applies=\u00a0\u00bbbg\u00a0\u00bb overlay_strength=\u00a0\u00bb0.3&Prime; gradient_direction=\u00a0\u00bbleft_to_right\u00a0\u00bb shape_divider_position=\u00a0\u00bbbottom\u00a0\u00bb bg_image_animation=\u00a0\u00bbnone\u00a0\u00bb][vc_column column_padding=\u00a0\u00bbno-extra-padding\u00a0\u00bb column_padding_tablet=\u00a0\u00bbinherit\u00a0\u00bb column_padding_phone=\u00a0\u00bbinherit\u00a0\u00bb column_padding_position=\u00a0\u00bball\u00a0\u00bb column_element_spacing=\u00a0\u00bbdefault\u00a0\u00bb background_color_opacity=\u00a0\u00bb1&Prime; background_hover_color_opacity=\u00a0\u00bb1&Prime; column_shadow=\u00a0\u00bbnone\u00a0\u00bb column_border_radius=\u00a0\u00bbnone\u00a0\u00bb column_link_target=\u00a0\u00bb_self\u00a0\u00bb gradient_direction=\u00a0\u00bbleft_to_right\u00a0\u00bb overlay_strength=\u00a0\u00bb0.3&Prime; width=\u00a0\u00bb1\/6&Prime; tablet_width_inherit=\u00a0\u00bbdefault\u00a0\u00bb...\" \/>\n<meta property=\"og:url\" content=\"https:\/\/maat.swebwp.oci.eu\/fr\/maat-pharma-annonce-la-tenue-de-son-assemblee-generale-mixte-le-31-mai-2022-et-la-mise-a-disposition-de-ses-documents-preparatoires\/\" \/>\n<meta property=\"og:site_name\" content=\"MaaT Pharma\" \/>\n<meta property=\"article:published_time\" content=\"2022-05-10T16:07:51+00:00\" \/>\n<meta property=\"article:modified_time\" content=\"2023-09-25T13:49:25+00:00\" \/>\n<meta property=\"og:image\" content=\"https:\/\/maat.swebwp.oci.eu\/wp-content\/uploads\/2021\/12\/Website_maat_logo.png\" \/>\n\t<meta property=\"og:image:width\" content=\"2362\" \/>\n\t<meta property=\"og:image:height\" content=\"2362\" \/>\n\t<meta property=\"og:image:type\" content=\"image\/png\" \/>\n<meta name=\"author\" content=\"MaaT Pharma\" \/>\n<meta name=\"twitter:card\" content=\"summary_large_image\" \/>\n<meta name=\"twitter:label1\" content=\"\u00c9crit par\" \/>\n\t<meta name=\"twitter:data1\" content=\"MaaT Pharma\" \/>\n\t<meta name=\"twitter:label2\" content=\"Dur\u00e9e de lecture estim\u00e9e\" \/>\n\t<meta name=\"twitter:data2\" content=\"2 minutes\" \/>\n<script type=\"application\/ld+json\" class=\"yoast-schema-graph\">{\"@context\":\"https:\/\/schema.org\",\"@graph\":[{\"@type\":\"Article\",\"@id\":\"https:\/\/maat.swebwp.oci.eu\/fr\/maat-pharma-annonce-la-tenue-de-son-assemblee-generale-mixte-le-31-mai-2022-et-la-mise-a-disposition-de-ses-documents-preparatoires\/#article\",\"isPartOf\":{\"@id\":\"https:\/\/maat.swebwp.oci.eu\/fr\/maat-pharma-annonce-la-tenue-de-son-assemblee-generale-mixte-le-31-mai-2022-et-la-mise-a-disposition-de-ses-documents-preparatoires\/\"},\"author\":{\"name\":\"MaaT Pharma\",\"@id\":\"https:\/\/maat.swebwp.oci.eu\/#\/schema\/person\/2a1b26915c84fdbc8c7a8ebe36530d34\"},\"headline\":\"10 mai 2022 : MaaT Pharma annonce la tenue de son Assembl\u00e9e G\u00e9n\u00e9rale Mixte le 31 mai 2022 et la mise \u00e0 disposition de ses documents pr\u00e9paratoires\",\"datePublished\":\"2022-05-10T16:07:51+00:00\",\"dateModified\":\"2023-09-25T13:49:25+00:00\",\"mainEntityOfPage\":{\"@id\":\"https:\/\/maat.swebwp.oci.eu\/fr\/maat-pharma-annonce-la-tenue-de-son-assemblee-generale-mixte-le-31-mai-2022-et-la-mise-a-disposition-de-ses-documents-preparatoires\/\"},\"wordCount\":1944,\"publisher\":{\"@id\":\"https:\/\/maat.swebwp.oci.eu\/#organization\"},\"image\":{\"@id\":\"https:\/\/maat.swebwp.oci.eu\/fr\/maat-pharma-annonce-la-tenue-de-son-assemblee-generale-mixte-le-31-mai-2022-et-la-mise-a-disposition-de-ses-documents-preparatoires\/#primaryimage\"},\"thumbnailUrl\":\"https:\/\/maat.swebwp.oci.eu\/wp-content\/uploads\/2021\/12\/Website_maat_logo.png\",\"articleSection\":[\"Communiqu\u00e9s de presse\"],\"inLanguage\":\"fr-FR\"},{\"@type\":\"WebPage\",\"@id\":\"https:\/\/maat.swebwp.oci.eu\/fr\/maat-pharma-annonce-la-tenue-de-son-assemblee-generale-mixte-le-31-mai-2022-et-la-mise-a-disposition-de-ses-documents-preparatoires\/\",\"url\":\"https:\/\/maat.swebwp.oci.eu\/fr\/maat-pharma-annonce-la-tenue-de-son-assemblee-generale-mixte-le-31-mai-2022-et-la-mise-a-disposition-de-ses-documents-preparatoires\/\",\"name\":\"10 mai 2022 : MaaT Pharma annonce la tenue de son Assembl\u00e9e G\u00e9n\u00e9rale Mixte le 31 mai 2022 et la mise \u00e0 disposition de ses documents pr\u00e9paratoires - MaaT Pharma\",\"isPartOf\":{\"@id\":\"https:\/\/maat.swebwp.oci.eu\/#website\"},\"primaryImageOfPage\":{\"@id\":\"https:\/\/maat.swebwp.oci.eu\/fr\/maat-pharma-annonce-la-tenue-de-son-assemblee-generale-mixte-le-31-mai-2022-et-la-mise-a-disposition-de-ses-documents-preparatoires\/#primaryimage\"},\"image\":{\"@id\":\"https:\/\/maat.swebwp.oci.eu\/fr\/maat-pharma-annonce-la-tenue-de-son-assemblee-generale-mixte-le-31-mai-2022-et-la-mise-a-disposition-de-ses-documents-preparatoires\/#primaryimage\"},\"thumbnailUrl\":\"https:\/\/maat.swebwp.oci.eu\/wp-content\/uploads\/2021\/12\/Website_maat_logo.png\",\"datePublished\":\"2022-05-10T16:07:51+00:00\",\"dateModified\":\"2023-09-25T13:49:25+00:00\",\"breadcrumb\":{\"@id\":\"https:\/\/maat.swebwp.oci.eu\/fr\/maat-pharma-annonce-la-tenue-de-son-assemblee-generale-mixte-le-31-mai-2022-et-la-mise-a-disposition-de-ses-documents-preparatoires\/#breadcrumb\"},\"inLanguage\":\"fr-FR\",\"potentialAction\":[{\"@type\":\"ReadAction\",\"target\":[\"https:\/\/maat.swebwp.oci.eu\/fr\/maat-pharma-annonce-la-tenue-de-son-assemblee-generale-mixte-le-31-mai-2022-et-la-mise-a-disposition-de-ses-documents-preparatoires\/\"]}]},{\"@type\":\"ImageObject\",\"inLanguage\":\"fr-FR\",\"@id\":\"https:\/\/maat.swebwp.oci.eu\/fr\/maat-pharma-annonce-la-tenue-de-son-assemblee-generale-mixte-le-31-mai-2022-et-la-mise-a-disposition-de-ses-documents-preparatoires\/#primaryimage\",\"url\":\"https:\/\/maat.swebwp.oci.eu\/wp-content\/uploads\/2021\/12\/Website_maat_logo.png\",\"contentUrl\":\"https:\/\/maat.swebwp.oci.eu\/wp-content\/uploads\/2021\/12\/Website_maat_logo.png\",\"width\":1080,\"height\":1080},{\"@type\":\"BreadcrumbList\",\"@id\":\"https:\/\/maat.swebwp.oci.eu\/fr\/maat-pharma-annonce-la-tenue-de-son-assemblee-generale-mixte-le-31-mai-2022-et-la-mise-a-disposition-de-ses-documents-preparatoires\/#breadcrumb\",\"itemListElement\":[{\"@type\":\"ListItem\",\"position\":1,\"name\":\"Home\",\"item\":\"https:\/\/maat.swebwp.oci.eu\/fr\/\"},{\"@type\":\"ListItem\",\"position\":2,\"name\":\"10 mai 2022 : MaaT Pharma annonce la tenue de son Assembl\u00e9e G\u00e9n\u00e9rale Mixte le 31 mai 2022 et la mise \u00e0 disposition de ses documents pr\u00e9paratoires\"}]},{\"@type\":\"WebSite\",\"@id\":\"https:\/\/maat.swebwp.oci.eu\/#website\",\"url\":\"https:\/\/maat.swebwp.oci.eu\/\",\"name\":\"MaaT Pharma\",\"description\":\"microbiota gut to fight cancer\",\"publisher\":{\"@id\":\"https:\/\/maat.swebwp.oci.eu\/#organization\"},\"potentialAction\":[{\"@type\":\"SearchAction\",\"target\":{\"@type\":\"EntryPoint\",\"urlTemplate\":\"https:\/\/maat.swebwp.oci.eu\/?s={search_term_string}\"},\"query-input\":{\"@type\":\"PropertyValueSpecification\",\"valueRequired\":true,\"valueName\":\"search_term_string\"}}],\"inLanguage\":\"fr-FR\"},{\"@type\":\"Organization\",\"@id\":\"https:\/\/maat.swebwp.oci.eu\/#organization\",\"name\":\"Maat Pharma\",\"url\":\"https:\/\/maat.swebwp.oci.eu\/\",\"logo\":{\"@type\":\"ImageObject\",\"inLanguage\":\"fr-FR\",\"@id\":\"https:\/\/maat.swebwp.oci.eu\/#\/schema\/logo\/image\/\",\"url\":\"http:\/\/preprod-wadesign.fr\/maat-pharma\/wp-content\/uploads\/2018\/09\/maat-logo-rvb-header.png\",\"contentUrl\":\"http:\/\/preprod-wadesign.fr\/maat-pharma\/wp-content\/uploads\/2018\/09\/maat-logo-rvb-header.png\",\"width\":150,\"height\":171,\"caption\":\"Maat Pharma\"},\"image\":{\"@id\":\"https:\/\/maat.swebwp.oci.eu\/#\/schema\/logo\/image\/\"}},{\"@type\":\"Person\",\"@id\":\"https:\/\/maat.swebwp.oci.eu\/#\/schema\/person\/2a1b26915c84fdbc8c7a8ebe36530d34\",\"name\":\"MaaT Pharma\"}]}<\/script>\n<!-- \/ Yoast SEO plugin. -->","yoast_head_json":{"title":"10 mai 2022 : MaaT Pharma annonce la tenue de son Assembl\u00e9e G\u00e9n\u00e9rale Mixte le 31 mai 2022 et la mise \u00e0 disposition de ses documents pr\u00e9paratoires - MaaT Pharma","robots":{"index":"noindex","follow":"follow","max-snippet":"max-snippet:-1","max-image-preview":"max-image-preview:large","max-video-preview":"max-video-preview:-1"},"og_locale":"fr_FR","og_type":"article","og_title":"10 mai 2022 : MaaT Pharma annonce la tenue de son Assembl\u00e9e G\u00e9n\u00e9rale Mixte le 31 mai 2022 et la mise \u00e0 disposition de ses documents pr\u00e9paratoires - MaaT Pharma","og_description":"[vc_row type=\u00a0\u00bbin_container\u00a0\u00bb full_screen_row_position=\u00a0\u00bbmiddle\u00a0\u00bb column_margin=\u00a0\u00bbdefault\u00a0\u00bb column_direction=\u00a0\u00bbdefault\u00a0\u00bb column_direction_tablet=\u00a0\u00bbdefault\u00a0\u00bb column_direction_phone=\u00a0\u00bbdefault\u00a0\u00bb scene_position=\u00a0\u00bbcenter\u00a0\u00bb text_color=\u00a0\u00bbdark\u00a0\u00bb text_align=\u00a0\u00bbleft\u00a0\u00bb row_border_radius=\u00a0\u00bbnone\u00a0\u00bb row_border_radius_applies=\u00a0\u00bbbg\u00a0\u00bb overlay_strength=\u00a0\u00bb0.3&Prime; gradient_direction=\u00a0\u00bbleft_to_right\u00a0\u00bb shape_divider_position=\u00a0\u00bbbottom\u00a0\u00bb bg_image_animation=\u00a0\u00bbnone\u00a0\u00bb][vc_column column_padding=\u00a0\u00bbno-extra-padding\u00a0\u00bb column_padding_tablet=\u00a0\u00bbinherit\u00a0\u00bb column_padding_phone=\u00a0\u00bbinherit\u00a0\u00bb column_padding_position=\u00a0\u00bball\u00a0\u00bb column_element_spacing=\u00a0\u00bbdefault\u00a0\u00bb background_color_opacity=\u00a0\u00bb1&Prime; background_hover_color_opacity=\u00a0\u00bb1&Prime; column_shadow=\u00a0\u00bbnone\u00a0\u00bb column_border_radius=\u00a0\u00bbnone\u00a0\u00bb column_link_target=\u00a0\u00bb_self\u00a0\u00bb gradient_direction=\u00a0\u00bbleft_to_right\u00a0\u00bb overlay_strength=\u00a0\u00bb0.3&Prime; width=\u00a0\u00bb1\/6&Prime; tablet_width_inherit=\u00a0\u00bbdefault\u00a0\u00bb...","og_url":"https:\/\/maat.swebwp.oci.eu\/fr\/maat-pharma-annonce-la-tenue-de-son-assemblee-generale-mixte-le-31-mai-2022-et-la-mise-a-disposition-de-ses-documents-preparatoires\/","og_site_name":"MaaT Pharma","article_published_time":"2022-05-10T16:07:51+00:00","article_modified_time":"2023-09-25T13:49:25+00:00","og_image":[{"width":2362,"height":2362,"url":"https:\/\/maat.swebwp.oci.eu\/wp-content\/uploads\/2021\/12\/Website_maat_logo.png","type":"image\/png"}],"author":"MaaT Pharma","twitter_card":"summary_large_image","twitter_misc":{"\u00c9crit par":"MaaT Pharma","Dur\u00e9e de lecture estim\u00e9e":"2 minutes"},"schema":{"@context":"https:\/\/schema.org","@graph":[{"@type":"Article","@id":"https:\/\/maat.swebwp.oci.eu\/fr\/maat-pharma-annonce-la-tenue-de-son-assemblee-generale-mixte-le-31-mai-2022-et-la-mise-a-disposition-de-ses-documents-preparatoires\/#article","isPartOf":{"@id":"https:\/\/maat.swebwp.oci.eu\/fr\/maat-pharma-annonce-la-tenue-de-son-assemblee-generale-mixte-le-31-mai-2022-et-la-mise-a-disposition-de-ses-documents-preparatoires\/"},"author":{"name":"MaaT Pharma","@id":"https:\/\/maat.swebwp.oci.eu\/#\/schema\/person\/2a1b26915c84fdbc8c7a8ebe36530d34"},"headline":"10 mai 2022 : MaaT Pharma annonce la tenue de son Assembl\u00e9e G\u00e9n\u00e9rale Mixte le 31 mai 2022 et la mise \u00e0 disposition de ses documents pr\u00e9paratoires","datePublished":"2022-05-10T16:07:51+00:00","dateModified":"2023-09-25T13:49:25+00:00","mainEntityOfPage":{"@id":"https:\/\/maat.swebwp.oci.eu\/fr\/maat-pharma-annonce-la-tenue-de-son-assemblee-generale-mixte-le-31-mai-2022-et-la-mise-a-disposition-de-ses-documents-preparatoires\/"},"wordCount":1944,"publisher":{"@id":"https:\/\/maat.swebwp.oci.eu\/#organization"},"image":{"@id":"https:\/\/maat.swebwp.oci.eu\/fr\/maat-pharma-annonce-la-tenue-de-son-assemblee-generale-mixte-le-31-mai-2022-et-la-mise-a-disposition-de-ses-documents-preparatoires\/#primaryimage"},"thumbnailUrl":"https:\/\/maat.swebwp.oci.eu\/wp-content\/uploads\/2021\/12\/Website_maat_logo.png","articleSection":["Communiqu\u00e9s de presse"],"inLanguage":"fr-FR"},{"@type":"WebPage","@id":"https:\/\/maat.swebwp.oci.eu\/fr\/maat-pharma-annonce-la-tenue-de-son-assemblee-generale-mixte-le-31-mai-2022-et-la-mise-a-disposition-de-ses-documents-preparatoires\/","url":"https:\/\/maat.swebwp.oci.eu\/fr\/maat-pharma-annonce-la-tenue-de-son-assemblee-generale-mixte-le-31-mai-2022-et-la-mise-a-disposition-de-ses-documents-preparatoires\/","name":"10 mai 2022 : MaaT Pharma annonce la tenue de son Assembl\u00e9e G\u00e9n\u00e9rale Mixte le 31 mai 2022 et la mise \u00e0 disposition de ses documents pr\u00e9paratoires - MaaT Pharma","isPartOf":{"@id":"https:\/\/maat.swebwp.oci.eu\/#website"},"primaryImageOfPage":{"@id":"https:\/\/maat.swebwp.oci.eu\/fr\/maat-pharma-annonce-la-tenue-de-son-assemblee-generale-mixte-le-31-mai-2022-et-la-mise-a-disposition-de-ses-documents-preparatoires\/#primaryimage"},"image":{"@id":"https:\/\/maat.swebwp.oci.eu\/fr\/maat-pharma-annonce-la-tenue-de-son-assemblee-generale-mixte-le-31-mai-2022-et-la-mise-a-disposition-de-ses-documents-preparatoires\/#primaryimage"},"thumbnailUrl":"https:\/\/maat.swebwp.oci.eu\/wp-content\/uploads\/2021\/12\/Website_maat_logo.png","datePublished":"2022-05-10T16:07:51+00:00","dateModified":"2023-09-25T13:49:25+00:00","breadcrumb":{"@id":"https:\/\/maat.swebwp.oci.eu\/fr\/maat-pharma-annonce-la-tenue-de-son-assemblee-generale-mixte-le-31-mai-2022-et-la-mise-a-disposition-de-ses-documents-preparatoires\/#breadcrumb"},"inLanguage":"fr-FR","potentialAction":[{"@type":"ReadAction","target":["https:\/\/maat.swebwp.oci.eu\/fr\/maat-pharma-annonce-la-tenue-de-son-assemblee-generale-mixte-le-31-mai-2022-et-la-mise-a-disposition-de-ses-documents-preparatoires\/"]}]},{"@type":"ImageObject","inLanguage":"fr-FR","@id":"https:\/\/maat.swebwp.oci.eu\/fr\/maat-pharma-annonce-la-tenue-de-son-assemblee-generale-mixte-le-31-mai-2022-et-la-mise-a-disposition-de-ses-documents-preparatoires\/#primaryimage","url":"https:\/\/maat.swebwp.oci.eu\/wp-content\/uploads\/2021\/12\/Website_maat_logo.png","contentUrl":"https:\/\/maat.swebwp.oci.eu\/wp-content\/uploads\/2021\/12\/Website_maat_logo.png","width":1080,"height":1080},{"@type":"BreadcrumbList","@id":"https:\/\/maat.swebwp.oci.eu\/fr\/maat-pharma-annonce-la-tenue-de-son-assemblee-generale-mixte-le-31-mai-2022-et-la-mise-a-disposition-de-ses-documents-preparatoires\/#breadcrumb","itemListElement":[{"@type":"ListItem","position":1,"name":"Home","item":"https:\/\/maat.swebwp.oci.eu\/fr\/"},{"@type":"ListItem","position":2,"name":"10 mai 2022 : MaaT Pharma annonce la tenue de son Assembl\u00e9e G\u00e9n\u00e9rale Mixte le 31 mai 2022 et la mise \u00e0 disposition de ses documents pr\u00e9paratoires"}]},{"@type":"WebSite","@id":"https:\/\/maat.swebwp.oci.eu\/#website","url":"https:\/\/maat.swebwp.oci.eu\/","name":"MaaT Pharma","description":"microbiota gut to fight cancer","publisher":{"@id":"https:\/\/maat.swebwp.oci.eu\/#organization"},"potentialAction":[{"@type":"SearchAction","target":{"@type":"EntryPoint","urlTemplate":"https:\/\/maat.swebwp.oci.eu\/?s={search_term_string}"},"query-input":{"@type":"PropertyValueSpecification","valueRequired":true,"valueName":"search_term_string"}}],"inLanguage":"fr-FR"},{"@type":"Organization","@id":"https:\/\/maat.swebwp.oci.eu\/#organization","name":"Maat Pharma","url":"https:\/\/maat.swebwp.oci.eu\/","logo":{"@type":"ImageObject","inLanguage":"fr-FR","@id":"https:\/\/maat.swebwp.oci.eu\/#\/schema\/logo\/image\/","url":"http:\/\/preprod-wadesign.fr\/maat-pharma\/wp-content\/uploads\/2018\/09\/maat-logo-rvb-header.png","contentUrl":"http:\/\/preprod-wadesign.fr\/maat-pharma\/wp-content\/uploads\/2018\/09\/maat-logo-rvb-header.png","width":150,"height":171,"caption":"Maat Pharma"},"image":{"@id":"https:\/\/maat.swebwp.oci.eu\/#\/schema\/logo\/image\/"}},{"@type":"Person","@id":"https:\/\/maat.swebwp.oci.eu\/#\/schema\/person\/2a1b26915c84fdbc8c7a8ebe36530d34","name":"MaaT Pharma"}]}},"_links":{"self":[{"href":"https:\/\/maat.swebwp.oci.eu\/fr\/wp-json\/wp\/v2\/posts\/7662","targetHints":{"allow":["GET"]}}],"collection":[{"href":"https:\/\/maat.swebwp.oci.eu\/fr\/wp-json\/wp\/v2\/posts"}],"about":[{"href":"https:\/\/maat.swebwp.oci.eu\/fr\/wp-json\/wp\/v2\/types\/post"}],"author":[{"embeddable":true,"href":"https:\/\/maat.swebwp.oci.eu\/fr\/wp-json\/wp\/v2\/users\/2"}],"replies":[{"embeddable":true,"href":"https:\/\/maat.swebwp.oci.eu\/fr\/wp-json\/wp\/v2\/comments?post=7662"}],"version-history":[{"count":0,"href":"https:\/\/maat.swebwp.oci.eu\/fr\/wp-json\/wp\/v2\/posts\/7662\/revisions"}],"wp:featuredmedia":[{"embeddable":true,"href":"https:\/\/maat.swebwp.oci.eu\/fr\/wp-json\/wp\/v2\/media\/7120"}],"wp:attachment":[{"href":"https:\/\/maat.swebwp.oci.eu\/fr\/wp-json\/wp\/v2\/media?parent=7662"}],"wp:term":[{"taxonomy":"category","embeddable":true,"href":"https:\/\/maat.swebwp.oci.eu\/fr\/wp-json\/wp\/v2\/categories?post=7662"},{"taxonomy":"post_tag","embeddable":true,"href":"https:\/\/maat.swebwp.oci.eu\/fr\/wp-json\/wp\/v2\/tags?post=7662"},{"taxonomy":"category_press","embeddable":true,"href":"https:\/\/maat.swebwp.oci.eu\/fr\/wp-json\/wp\/v2\/category_press?post=7662"},{"taxonomy":"year_press","embeddable":true,"href":"https:\/\/maat.swebwp.oci.eu\/fr\/wp-json\/wp\/v2\/year_press?post=7662"}],"curies":[{"name":"wp","href":"https:\/\/api.w.org\/{rel}","templated":true}]}}