{"id":4319,"date":"2021-05-05T06:41:51","date_gmt":"2021-05-05T06:41:51","guid":{"rendered":"https:\/\/maat.swebwp.oci.eu\/?p=4319"},"modified":"2021-10-01T07:37:19","modified_gmt":"2021-10-01T07:37:19","slug":"ey-prix-de-lentrepreneur-de-lannee","status":"publish","type":"post","link":"https:\/\/maat.swebwp.oci.eu\/fr\/ey-prix-de-lentrepreneur-de-lannee\/","title":{"rendered":"EY : Prix de l&rsquo;Entrepreneur de l&rsquo;Ann\u00e9e"},"content":{"rendered":"[vc_row type=\u00a0\u00bbin_container\u00a0\u00bb full_screen_row_position=\u00a0\u00bbmiddle\u00a0\u00bb scene_position=\u00a0\u00bbcenter\u00a0\u00bb text_color=\u00a0\u00bbdark\u00a0\u00bb text_align=\u00a0\u00bbleft\u00a0\u00bb overlay_strength=\u00a0\u00bb0.3&Prime; shape_divider_position=\u00a0\u00bbbottom\u00a0\u00bb][vc_column column_padding=\u00a0\u00bbno-extra-padding\u00a0\u00bb column_padding_position=\u00a0\u00bball\u00a0\u00bb background_color_opacity=\u00a0\u00bb1&Prime; background_hover_color_opacity=\u00a0\u00bb1&Prime; column_link_target=\u00a0\u00bb_self\u00a0\u00bb column_shadow=\u00a0\u00bbnone\u00a0\u00bb column_border_radius=\u00a0\u00bbnone\u00a0\u00bb width=\u00a0\u00bb1\/1&Prime; tablet_width_inherit=\u00a0\u00bbdefault\u00a0\u00bb tablet_text_alignment=\u00a0\u00bbdefault\u00a0\u00bb phone_text_alignment=\u00a0\u00bbdefault\u00a0\u00bb column_border_width=\u00a0\u00bbnone\u00a0\u00bb column_border_style=\u00a0\u00bbsolid\u00a0\u00bb][vc_column_text]D\u00e9couvrez ci-dessous l&rsquo;intervention de notre CEO\u00a0<a tabindex=\"-1\" href=\"https:\/\/www.linkedin.com\/in\/ACoAAAB515cBEJKeo7e_hFcljl_cC3untwOC8YA\" data-attribute-index=\"0\" data-entity-hovercard-id=\"urn:li:fs_miniProfile:ACoAAAB515cBEJKeo7e_hFcljl_cC3untwOC8YA\" data-entity-type=\"MINI_PROFILE\" aria-expanded=\"false\" aria-controls=\"undefined\">Herve Affagard, MBA, Eng.<\/a> pour le Prix de l&rsquo;Entrepreneur de l&rsquo;Ann\u00e9e de EY. L&rsquo;\u00e9quipe d&rsquo;EY est venue nous rendre visite au mois de f\u00e9vrier afin de filmer cette interview dans nos nouveaux locaux.[\/vc_column_text][nectar_video_lightbox link_style=\u00a0\u00bbplay_button_2&Prime; nectar_play_button_color=\u00a0\u00bbDefault-Accent-Color\u00a0\u00bb image_url=\u00a0\u00bb2599&Prime; hover_effect=\u00a0\u00bbzoom_button\u00a0\u00bb box_shadow=\u00a0\u00bbnone\u00a0\u00bb border_radius=\u00a0\u00bbnone\u00a0\u00bb play_button_size=\u00a0\u00bbdefault\u00a0\u00bb video_url=\u00a0\u00bbhttps:\/\/www.youtube.com\/watch?v=cae1Kymkt3Y\u00a0\u00bb][\/vc_column][\/vc_row]\n","protected":false},"excerpt":{"rendered":"<p>[vc_row type=\u00a0\u00bbin_container\u00a0\u00bb full_screen_row_position=\u00a0\u00bbmiddle\u00a0\u00bb scene_position=\u00a0\u00bbcenter\u00a0\u00bb text_color=\u00a0\u00bbdark\u00a0\u00bb text_align=\u00a0\u00bbleft\u00a0\u00bb overlay_strength=\u00a0\u00bb0.3&Prime; shape_divider_position=\u00a0\u00bbbottom\u00a0\u00bb][vc_column column_padding=\u00a0\u00bbno-extra-padding\u00a0\u00bb column_padding_position=\u00a0\u00bball\u00a0\u00bb background_color_opacity=\u00a0\u00bb1&Prime; background_hover_color_opacity=\u00a0\u00bb1&Prime; column_link_target=\u00a0\u00bb_self\u00a0\u00bb column_shadow=\u00a0\u00bbnone\u00a0\u00bb column_border_radius=\u00a0\u00bbnone\u00a0\u00bb width=\u00a0\u00bb1\/1&Prime; tablet_width_inherit=\u00a0\u00bbdefault\u00a0\u00bb tablet_text_alignment=\u00a0\u00bbdefault\u00a0\u00bb phone_text_alignment=\u00a0\u00bbdefault\u00a0\u00bb column_border_width=\u00a0\u00bbnone\u00a0\u00bb column_border_style=\u00a0\u00bbsolid\u00a0\u00bb][vc_column_text]D\u00e9couvrez ci-dessous l&rsquo;intervention de notre CEO\u00a0Herve Affagard, MBA, Eng. pour&#8230;<\/p>\n","protected":false},"author":2,"featured_media":4335,"comment_status":"open","ping_status":"open","sticky":false,"template":"","format":"video","meta":{"_acf_changed":false,"footnotes":""},"categories":[23],"tags":[],"category_press":[],"year_press":[],"class_list":{"0":"post-4319","1":"post","2":"type-post","3":"status-publish","4":"format-video","5":"has-post-thumbnail","7":"category-videos-fr","8":"post_format-post-format-video"},"acf":[],"yoast_head":"<!-- This site is optimized with the Yoast SEO plugin v25.3.1 - https:\/\/yoast.com\/wordpress\/plugins\/seo\/ -->\n<title>EY : Prix de l&#039;Entrepreneur de l&#039;Ann\u00e9e - MaaT Pharma<\/title>\n<meta name=\"robots\" content=\"noindex, follow, max-snippet:-1, max-image-preview:large, max-video-preview:-1\" \/>\n<meta property=\"og:locale\" content=\"fr_FR\" \/>\n<meta property=\"og:type\" content=\"article\" \/>\n<meta property=\"og:title\" content=\"EY : Prix de l&#039;Entrepreneur de l&#039;Ann\u00e9e - MaaT Pharma\" \/>\n<meta property=\"og:description\" content=\"[vc_row type=\u00a0\u00bbin_container\u00a0\u00bb full_screen_row_position=\u00a0\u00bbmiddle\u00a0\u00bb scene_position=\u00a0\u00bbcenter\u00a0\u00bb text_color=\u00a0\u00bbdark\u00a0\u00bb text_align=\u00a0\u00bbleft\u00a0\u00bb overlay_strength=\u00a0\u00bb0.3&Prime; shape_divider_position=\u00a0\u00bbbottom\u00a0\u00bb][vc_column column_padding=\u00a0\u00bbno-extra-padding\u00a0\u00bb column_padding_position=\u00a0\u00bball\u00a0\u00bb background_color_opacity=\u00a0\u00bb1&Prime; background_hover_color_opacity=\u00a0\u00bb1&Prime; column_link_target=\u00a0\u00bb_self\u00a0\u00bb column_shadow=\u00a0\u00bbnone\u00a0\u00bb column_border_radius=\u00a0\u00bbnone\u00a0\u00bb width=\u00a0\u00bb1\/1&Prime; tablet_width_inherit=\u00a0\u00bbdefault\u00a0\u00bb tablet_text_alignment=\u00a0\u00bbdefault\u00a0\u00bb phone_text_alignment=\u00a0\u00bbdefault\u00a0\u00bb column_border_width=\u00a0\u00bbnone\u00a0\u00bb column_border_style=\u00a0\u00bbsolid\u00a0\u00bb][vc_column_text]D\u00e9couvrez ci-dessous l&rsquo;intervention de notre CEO\u00a0Herve Affagard, MBA, Eng. pour...\" \/>\n<meta property=\"og:url\" content=\"https:\/\/maat.swebwp.oci.eu\/fr\/ey-prix-de-lentrepreneur-de-lannee\/\" \/>\n<meta property=\"og:site_name\" content=\"MaaT Pharma\" \/>\n<meta property=\"article:published_time\" content=\"2021-05-05T06:41:51+00:00\" \/>\n<meta property=\"article:modified_time\" content=\"2021-10-01T07:37:19+00:00\" \/>\n<meta property=\"og:image\" content=\"https:\/\/maat.swebwp.oci.eu\/wp-content\/uploads\/2021\/05\/EY_Prix-de-lentrepreneur-de-lannee_site-web.jpg\" \/>\n\t<meta property=\"og:image:width\" content=\"440\" \/>\n\t<meta property=\"og:image:height\" content=\"220\" \/>\n\t<meta property=\"og:image:type\" content=\"image\/jpeg\" \/>\n<meta name=\"author\" content=\"MaaT Pharma\" \/>\n<meta name=\"twitter:card\" content=\"summary_large_image\" \/>\n<meta name=\"twitter:label1\" content=\"\u00c9crit par\" \/>\n\t<meta name=\"twitter:data1\" content=\"MaaT Pharma\" \/>\n\t<meta name=\"twitter:label2\" content=\"Dur\u00e9e de lecture estim\u00e9e\" \/>\n\t<meta name=\"twitter:data2\" content=\"1 minute\" \/>\n<script type=\"application\/ld+json\" class=\"yoast-schema-graph\">{\"@context\":\"https:\/\/schema.org\",\"@graph\":[{\"@type\":\"Article\",\"@id\":\"https:\/\/maat.swebwp.oci.eu\/fr\/ey-prix-de-lentrepreneur-de-lannee\/#article\",\"isPartOf\":{\"@id\":\"https:\/\/maat.swebwp.oci.eu\/fr\/ey-prix-de-lentrepreneur-de-lannee\/\"},\"author\":{\"name\":\"MaaT Pharma\",\"@id\":\"https:\/\/maat.swebwp.oci.eu\/#\/schema\/person\/2a1b26915c84fdbc8c7a8ebe36530d34\"},\"headline\":\"EY : Prix de l&rsquo;Entrepreneur de l&rsquo;Ann\u00e9e\",\"datePublished\":\"2021-05-05T06:41:51+00:00\",\"dateModified\":\"2021-10-01T07:37:19+00:00\",\"mainEntityOfPage\":{\"@id\":\"https:\/\/maat.swebwp.oci.eu\/fr\/ey-prix-de-lentrepreneur-de-lannee\/\"},\"wordCount\":178,\"commentCount\":0,\"publisher\":{\"@id\":\"https:\/\/maat.swebwp.oci.eu\/#organization\"},\"image\":{\"@id\":\"https:\/\/maat.swebwp.oci.eu\/fr\/ey-prix-de-lentrepreneur-de-lannee\/#primaryimage\"},\"thumbnailUrl\":\"https:\/\/maat.swebwp.oci.eu\/wp-content\/uploads\/2021\/05\/EY_Prix-de-lentrepreneur-de-lannee_site-web.jpg\",\"articleSection\":[\"Vid\u00e9os\"],\"inLanguage\":\"fr-FR\",\"potentialAction\":[{\"@type\":\"CommentAction\",\"name\":\"Comment\",\"target\":[\"https:\/\/maat.swebwp.oci.eu\/fr\/ey-prix-de-lentrepreneur-de-lannee\/#respond\"]}]},{\"@type\":\"WebPage\",\"@id\":\"https:\/\/maat.swebwp.oci.eu\/fr\/ey-prix-de-lentrepreneur-de-lannee\/\",\"url\":\"https:\/\/maat.swebwp.oci.eu\/fr\/ey-prix-de-lentrepreneur-de-lannee\/\",\"name\":\"EY : Prix de l'Entrepreneur de l'Ann\u00e9e - MaaT Pharma\",\"isPartOf\":{\"@id\":\"https:\/\/maat.swebwp.oci.eu\/#website\"},\"primaryImageOfPage\":{\"@id\":\"https:\/\/maat.swebwp.oci.eu\/fr\/ey-prix-de-lentrepreneur-de-lannee\/#primaryimage\"},\"image\":{\"@id\":\"https:\/\/maat.swebwp.oci.eu\/fr\/ey-prix-de-lentrepreneur-de-lannee\/#primaryimage\"},\"thumbnailUrl\":\"https:\/\/maat.swebwp.oci.eu\/wp-content\/uploads\/2021\/05\/EY_Prix-de-lentrepreneur-de-lannee_site-web.jpg\",\"datePublished\":\"2021-05-05T06:41:51+00:00\",\"dateModified\":\"2021-10-01T07:37:19+00:00\",\"breadcrumb\":{\"@id\":\"https:\/\/maat.swebwp.oci.eu\/fr\/ey-prix-de-lentrepreneur-de-lannee\/#breadcrumb\"},\"inLanguage\":\"fr-FR\",\"potentialAction\":[{\"@type\":\"ReadAction\",\"target\":[\"https:\/\/maat.swebwp.oci.eu\/fr\/ey-prix-de-lentrepreneur-de-lannee\/\"]}]},{\"@type\":\"ImageObject\",\"inLanguage\":\"fr-FR\",\"@id\":\"https:\/\/maat.swebwp.oci.eu\/fr\/ey-prix-de-lentrepreneur-de-lannee\/#primaryimage\",\"url\":\"https:\/\/maat.swebwp.oci.eu\/wp-content\/uploads\/2021\/05\/EY_Prix-de-lentrepreneur-de-lannee_site-web.jpg\",\"contentUrl\":\"https:\/\/maat.swebwp.oci.eu\/wp-content\/uploads\/2021\/05\/EY_Prix-de-lentrepreneur-de-lannee_site-web.jpg\",\"width\":440,\"height\":220},{\"@type\":\"BreadcrumbList\",\"@id\":\"https:\/\/maat.swebwp.oci.eu\/fr\/ey-prix-de-lentrepreneur-de-lannee\/#breadcrumb\",\"itemListElement\":[{\"@type\":\"ListItem\",\"position\":1,\"name\":\"Home\",\"item\":\"https:\/\/maat.swebwp.oci.eu\/fr\/\"},{\"@type\":\"ListItem\",\"position\":2,\"name\":\"EY : Prix de l&rsquo;Entrepreneur de l&rsquo;Ann\u00e9e\"}]},{\"@type\":\"WebSite\",\"@id\":\"https:\/\/maat.swebwp.oci.eu\/#website\",\"url\":\"https:\/\/maat.swebwp.oci.eu\/\",\"name\":\"MaaT Pharma\",\"description\":\"microbiota gut to fight cancer\",\"publisher\":{\"@id\":\"https:\/\/maat.swebwp.oci.eu\/#organization\"},\"potentialAction\":[{\"@type\":\"SearchAction\",\"target\":{\"@type\":\"EntryPoint\",\"urlTemplate\":\"https:\/\/maat.swebwp.oci.eu\/?s={search_term_string}\"},\"query-input\":{\"@type\":\"PropertyValueSpecification\",\"valueRequired\":true,\"valueName\":\"search_term_string\"}}],\"inLanguage\":\"fr-FR\"},{\"@type\":\"Organization\",\"@id\":\"https:\/\/maat.swebwp.oci.eu\/#organization\",\"name\":\"Maat Pharma\",\"url\":\"https:\/\/maat.swebwp.oci.eu\/\",\"logo\":{\"@type\":\"ImageObject\",\"inLanguage\":\"fr-FR\",\"@id\":\"https:\/\/maat.swebwp.oci.eu\/#\/schema\/logo\/image\/\",\"url\":\"http:\/\/preprod-wadesign.fr\/maat-pharma\/wp-content\/uploads\/2018\/09\/maat-logo-rvb-header.png\",\"contentUrl\":\"http:\/\/preprod-wadesign.fr\/maat-pharma\/wp-content\/uploads\/2018\/09\/maat-logo-rvb-header.png\",\"width\":150,\"height\":171,\"caption\":\"Maat Pharma\"},\"image\":{\"@id\":\"https:\/\/maat.swebwp.oci.eu\/#\/schema\/logo\/image\/\"}},{\"@type\":\"Person\",\"@id\":\"https:\/\/maat.swebwp.oci.eu\/#\/schema\/person\/2a1b26915c84fdbc8c7a8ebe36530d34\",\"name\":\"MaaT Pharma\"}]}<\/script>\n<!-- \/ Yoast SEO plugin. -->","yoast_head_json":{"title":"EY : Prix de l'Entrepreneur de l'Ann\u00e9e - MaaT Pharma","robots":{"index":"noindex","follow":"follow","max-snippet":"max-snippet:-1","max-image-preview":"max-image-preview:large","max-video-preview":"max-video-preview:-1"},"og_locale":"fr_FR","og_type":"article","og_title":"EY : Prix de l'Entrepreneur de l'Ann\u00e9e - MaaT Pharma","og_description":"[vc_row type=\u00a0\u00bbin_container\u00a0\u00bb full_screen_row_position=\u00a0\u00bbmiddle\u00a0\u00bb scene_position=\u00a0\u00bbcenter\u00a0\u00bb text_color=\u00a0\u00bbdark\u00a0\u00bb text_align=\u00a0\u00bbleft\u00a0\u00bb overlay_strength=\u00a0\u00bb0.3&Prime; shape_divider_position=\u00a0\u00bbbottom\u00a0\u00bb][vc_column column_padding=\u00a0\u00bbno-extra-padding\u00a0\u00bb column_padding_position=\u00a0\u00bball\u00a0\u00bb background_color_opacity=\u00a0\u00bb1&Prime; background_hover_color_opacity=\u00a0\u00bb1&Prime; column_link_target=\u00a0\u00bb_self\u00a0\u00bb column_shadow=\u00a0\u00bbnone\u00a0\u00bb column_border_radius=\u00a0\u00bbnone\u00a0\u00bb width=\u00a0\u00bb1\/1&Prime; tablet_width_inherit=\u00a0\u00bbdefault\u00a0\u00bb tablet_text_alignment=\u00a0\u00bbdefault\u00a0\u00bb phone_text_alignment=\u00a0\u00bbdefault\u00a0\u00bb column_border_width=\u00a0\u00bbnone\u00a0\u00bb column_border_style=\u00a0\u00bbsolid\u00a0\u00bb][vc_column_text]D\u00e9couvrez ci-dessous l&rsquo;intervention de notre CEO\u00a0Herve Affagard, MBA, Eng. pour...","og_url":"https:\/\/maat.swebwp.oci.eu\/fr\/ey-prix-de-lentrepreneur-de-lannee\/","og_site_name":"MaaT Pharma","article_published_time":"2021-05-05T06:41:51+00:00","article_modified_time":"2021-10-01T07:37:19+00:00","og_image":[{"width":440,"height":220,"url":"https:\/\/maat.swebwp.oci.eu\/wp-content\/uploads\/2021\/05\/EY_Prix-de-lentrepreneur-de-lannee_site-web.jpg","type":"image\/jpeg"}],"author":"MaaT Pharma","twitter_card":"summary_large_image","twitter_misc":{"\u00c9crit par":"MaaT Pharma","Dur\u00e9e de lecture estim\u00e9e":"1 minute"},"schema":{"@context":"https:\/\/schema.org","@graph":[{"@type":"Article","@id":"https:\/\/maat.swebwp.oci.eu\/fr\/ey-prix-de-lentrepreneur-de-lannee\/#article","isPartOf":{"@id":"https:\/\/maat.swebwp.oci.eu\/fr\/ey-prix-de-lentrepreneur-de-lannee\/"},"author":{"name":"MaaT Pharma","@id":"https:\/\/maat.swebwp.oci.eu\/#\/schema\/person\/2a1b26915c84fdbc8c7a8ebe36530d34"},"headline":"EY : Prix de l&rsquo;Entrepreneur de l&rsquo;Ann\u00e9e","datePublished":"2021-05-05T06:41:51+00:00","dateModified":"2021-10-01T07:37:19+00:00","mainEntityOfPage":{"@id":"https:\/\/maat.swebwp.oci.eu\/fr\/ey-prix-de-lentrepreneur-de-lannee\/"},"wordCount":178,"commentCount":0,"publisher":{"@id":"https:\/\/maat.swebwp.oci.eu\/#organization"},"image":{"@id":"https:\/\/maat.swebwp.oci.eu\/fr\/ey-prix-de-lentrepreneur-de-lannee\/#primaryimage"},"thumbnailUrl":"https:\/\/maat.swebwp.oci.eu\/wp-content\/uploads\/2021\/05\/EY_Prix-de-lentrepreneur-de-lannee_site-web.jpg","articleSection":["Vid\u00e9os"],"inLanguage":"fr-FR","potentialAction":[{"@type":"CommentAction","name":"Comment","target":["https:\/\/maat.swebwp.oci.eu\/fr\/ey-prix-de-lentrepreneur-de-lannee\/#respond"]}]},{"@type":"WebPage","@id":"https:\/\/maat.swebwp.oci.eu\/fr\/ey-prix-de-lentrepreneur-de-lannee\/","url":"https:\/\/maat.swebwp.oci.eu\/fr\/ey-prix-de-lentrepreneur-de-lannee\/","name":"EY : Prix de l'Entrepreneur de l'Ann\u00e9e - MaaT Pharma","isPartOf":{"@id":"https:\/\/maat.swebwp.oci.eu\/#website"},"primaryImageOfPage":{"@id":"https:\/\/maat.swebwp.oci.eu\/fr\/ey-prix-de-lentrepreneur-de-lannee\/#primaryimage"},"image":{"@id":"https:\/\/maat.swebwp.oci.eu\/fr\/ey-prix-de-lentrepreneur-de-lannee\/#primaryimage"},"thumbnailUrl":"https:\/\/maat.swebwp.oci.eu\/wp-content\/uploads\/2021\/05\/EY_Prix-de-lentrepreneur-de-lannee_site-web.jpg","datePublished":"2021-05-05T06:41:51+00:00","dateModified":"2021-10-01T07:37:19+00:00","breadcrumb":{"@id":"https:\/\/maat.swebwp.oci.eu\/fr\/ey-prix-de-lentrepreneur-de-lannee\/#breadcrumb"},"inLanguage":"fr-FR","potentialAction":[{"@type":"ReadAction","target":["https:\/\/maat.swebwp.oci.eu\/fr\/ey-prix-de-lentrepreneur-de-lannee\/"]}]},{"@type":"ImageObject","inLanguage":"fr-FR","@id":"https:\/\/maat.swebwp.oci.eu\/fr\/ey-prix-de-lentrepreneur-de-lannee\/#primaryimage","url":"https:\/\/maat.swebwp.oci.eu\/wp-content\/uploads\/2021\/05\/EY_Prix-de-lentrepreneur-de-lannee_site-web.jpg","contentUrl":"https:\/\/maat.swebwp.oci.eu\/wp-content\/uploads\/2021\/05\/EY_Prix-de-lentrepreneur-de-lannee_site-web.jpg","width":440,"height":220},{"@type":"BreadcrumbList","@id":"https:\/\/maat.swebwp.oci.eu\/fr\/ey-prix-de-lentrepreneur-de-lannee\/#breadcrumb","itemListElement":[{"@type":"ListItem","position":1,"name":"Home","item":"https:\/\/maat.swebwp.oci.eu\/fr\/"},{"@type":"ListItem","position":2,"name":"EY : Prix de l&rsquo;Entrepreneur de l&rsquo;Ann\u00e9e"}]},{"@type":"WebSite","@id":"https:\/\/maat.swebwp.oci.eu\/#website","url":"https:\/\/maat.swebwp.oci.eu\/","name":"MaaT Pharma","description":"microbiota gut to fight cancer","publisher":{"@id":"https:\/\/maat.swebwp.oci.eu\/#organization"},"potentialAction":[{"@type":"SearchAction","target":{"@type":"EntryPoint","urlTemplate":"https:\/\/maat.swebwp.oci.eu\/?s={search_term_string}"},"query-input":{"@type":"PropertyValueSpecification","valueRequired":true,"valueName":"search_term_string"}}],"inLanguage":"fr-FR"},{"@type":"Organization","@id":"https:\/\/maat.swebwp.oci.eu\/#organization","name":"Maat Pharma","url":"https:\/\/maat.swebwp.oci.eu\/","logo":{"@type":"ImageObject","inLanguage":"fr-FR","@id":"https:\/\/maat.swebwp.oci.eu\/#\/schema\/logo\/image\/","url":"http:\/\/preprod-wadesign.fr\/maat-pharma\/wp-content\/uploads\/2018\/09\/maat-logo-rvb-header.png","contentUrl":"http:\/\/preprod-wadesign.fr\/maat-pharma\/wp-content\/uploads\/2018\/09\/maat-logo-rvb-header.png","width":150,"height":171,"caption":"Maat Pharma"},"image":{"@id":"https:\/\/maat.swebwp.oci.eu\/#\/schema\/logo\/image\/"}},{"@type":"Person","@id":"https:\/\/maat.swebwp.oci.eu\/#\/schema\/person\/2a1b26915c84fdbc8c7a8ebe36530d34","name":"MaaT Pharma"}]}},"_links":{"self":[{"href":"https:\/\/maat.swebwp.oci.eu\/fr\/wp-json\/wp\/v2\/posts\/4319","targetHints":{"allow":["GET"]}}],"collection":[{"href":"https:\/\/maat.swebwp.oci.eu\/fr\/wp-json\/wp\/v2\/posts"}],"about":[{"href":"https:\/\/maat.swebwp.oci.eu\/fr\/wp-json\/wp\/v2\/types\/post"}],"author":[{"embeddable":true,"href":"https:\/\/maat.swebwp.oci.eu\/fr\/wp-json\/wp\/v2\/users\/2"}],"replies":[{"embeddable":true,"href":"https:\/\/maat.swebwp.oci.eu\/fr\/wp-json\/wp\/v2\/comments?post=4319"}],"version-history":[{"count":0,"href":"https:\/\/maat.swebwp.oci.eu\/fr\/wp-json\/wp\/v2\/posts\/4319\/revisions"}],"wp:featuredmedia":[{"embeddable":true,"href":"https:\/\/maat.swebwp.oci.eu\/fr\/wp-json\/wp\/v2\/media\/4335"}],"wp:attachment":[{"href":"https:\/\/maat.swebwp.oci.eu\/fr\/wp-json\/wp\/v2\/media?parent=4319"}],"wp:term":[{"taxonomy":"category","embeddable":true,"href":"https:\/\/maat.swebwp.oci.eu\/fr\/wp-json\/wp\/v2\/categories?post=4319"},{"taxonomy":"post_tag","embeddable":true,"href":"https:\/\/maat.swebwp.oci.eu\/fr\/wp-json\/wp\/v2\/tags?post=4319"},{"taxonomy":"category_press","embeddable":true,"href":"https:\/\/maat.swebwp.oci.eu\/fr\/wp-json\/wp\/v2\/category_press?post=4319"},{"taxonomy":"year_press","embeddable":true,"href":"https:\/\/maat.swebwp.oci.eu\/fr\/wp-json\/wp\/v2\/year_press?post=4319"}],"curies":[{"name":"wp","href":"https:\/\/api.w.org\/{rel}","templated":true}]}}