{"id":15306,"date":"2025-05-14T07:30:42","date_gmt":"2025-05-14T05:30:42","guid":{"rendered":"https:\/\/maat.swebwp.oci.eu\/?p=15306"},"modified":"2025-05-14T07:30:42","modified_gmt":"2025-05-14T05:30:42","slug":"14-mai-2025-maat-pharma-annonce-la-tenue-de-son-assemblee-generale-mixte-le-20-juin-2025","status":"publish","type":"post","link":"https:\/\/maat.swebwp.oci.eu\/fr\/14-mai-2025-maat-pharma-annonce-la-tenue-de-son-assemblee-generale-mixte-le-20-juin-2025\/","title":{"rendered":"14 mai 2025 : MaaT Pharma annonce la tenue de son Assembl\u00e9e G\u00e9n\u00e9rale Mixte le 20 juin 2025"},"content":{"rendered":"[vc_row type=\u00a0\u00bbin_container\u00a0\u00bb full_screen_row_position=\u00a0\u00bbmiddle\u00a0\u00bb column_margin=\u00a0\u00bbdefault\u00a0\u00bb column_direction=\u00a0\u00bbdefault\u00a0\u00bb column_direction_tablet=\u00a0\u00bbdefault\u00a0\u00bb column_direction_phone=\u00a0\u00bbdefault\u00a0\u00bb scene_position=\u00a0\u00bbcenter\u00a0\u00bb text_color=\u00a0\u00bbdark\u00a0\u00bb text_align=\u00a0\u00bbleft\u00a0\u00bb row_border_radius=\u00a0\u00bbnone\u00a0\u00bb row_border_radius_applies=\u00a0\u00bbbg\u00a0\u00bb overlay_strength=\u00a0\u00bb0.3&Prime; gradient_direction=\u00a0\u00bbleft_to_right\u00a0\u00bb shape_divider_position=\u00a0\u00bbbottom\u00a0\u00bb bg_image_animation=\u00a0\u00bbnone\u00a0\u00bb][vc_column column_padding=\u00a0\u00bbno-extra-padding\u00a0\u00bb column_padding_tablet=\u00a0\u00bbinherit\u00a0\u00bb column_padding_phone=\u00a0\u00bbinherit\u00a0\u00bb column_padding_position=\u00a0\u00bball\u00a0\u00bb column_element_spacing=\u00a0\u00bbdefault\u00a0\u00bb background_color_opacity=\u00a0\u00bb1&Prime; background_hover_color_opacity=\u00a0\u00bb1&Prime; column_shadow=\u00a0\u00bbnone\u00a0\u00bb column_border_radius=\u00a0\u00bbnone\u00a0\u00bb column_link_target=\u00a0\u00bb_self\u00a0\u00bb gradient_direction=\u00a0\u00bbleft_to_right\u00a0\u00bb overlay_strength=\u00a0\u00bb0.3&Prime; width=\u00a0\u00bb1\/6&Prime; tablet_width_inherit=\u00a0\u00bbdefault\u00a0\u00bb tablet_text_alignment=\u00a0\u00bbdefault\u00a0\u00bb phone_text_alignment=\u00a0\u00bbdefault\u00a0\u00bb bg_image_animation=\u00a0\u00bbnone\u00a0\u00bb border_type=\u00a0\u00bbsimple\u00a0\u00bb column_border_width=\u00a0\u00bbnone\u00a0\u00bb column_border_style=\u00a0\u00bbsolid\u00a0\u00bb][\/vc_column][vc_column column_padding=\u00a0\u00bbno-extra-padding\u00a0\u00bb column_padding_tablet=\u00a0\u00bbinherit\u00a0\u00bb column_padding_phone=\u00a0\u00bbinherit\u00a0\u00bb column_padding_position=\u00a0\u00bball\u00a0\u00bb column_element_spacing=\u00a0\u00bbdefault\u00a0\u00bb background_color_opacity=\u00a0\u00bb1&Prime; background_hover_color_opacity=\u00a0\u00bb1&Prime; column_shadow=\u00a0\u00bbnone\u00a0\u00bb column_border_radius=\u00a0\u00bbnone\u00a0\u00bb column_link_target=\u00a0\u00bb_self\u00a0\u00bb gradient_direction=\u00a0\u00bbleft_to_right\u00a0\u00bb overlay_strength=\u00a0\u00bb0.3&Prime; width=\u00a0\u00bb2\/3&Prime; tablet_width_inherit=\u00a0\u00bbdefault\u00a0\u00bb tablet_text_alignment=\u00a0\u00bbdefault\u00a0\u00bb phone_text_alignment=\u00a0\u00bbdefault\u00a0\u00bb bg_image_animation=\u00a0\u00bbnone\u00a0\u00bb border_type=\u00a0\u00bbsimple\u00a0\u00bb column_border_width=\u00a0\u00bbnone\u00a0\u00bb column_border_style=\u00a0\u00bbsolid\u00a0\u00bb][vc_column_text]\n<h3 style=\"text-align: center;\"><span style=\"color: #283583;\"><span class=\"TextRun SCXW54512012 BCX0\" lang=\"FR-FR\" xml:lang=\"FR-FR\" data-contrast=\"none\"><span class=\"NormalTextRun SCXW54512012 BCX0\">MaaT Pharma annonce la tenue de son Assembl\u00e9e G\u00e9n\u00e9rale Mixte <\/span><\/span><\/span><span style=\"color: #283583;\"><span class=\"TextRun SCXW54512012 BCX0\" lang=\"FR-FR\" xml:lang=\"FR-FR\" data-contrast=\"none\"><span class=\"NormalTextRun SCXW54512012 BCX0\">le 20 juin 2025<\/span><\/span><\/span><\/h3>\n[\/vc_column_text][\/vc_column][vc_column column_padding=\u00a0\u00bbno-extra-padding\u00a0\u00bb column_padding_tablet=\u00a0\u00bbinherit\u00a0\u00bb column_padding_phone=\u00a0\u00bbinherit\u00a0\u00bb column_padding_position=\u00a0\u00bball\u00a0\u00bb column_element_spacing=\u00a0\u00bbdefault\u00a0\u00bb background_color_opacity=\u00a0\u00bb1&Prime; background_hover_color_opacity=\u00a0\u00bb1&Prime; column_shadow=\u00a0\u00bbnone\u00a0\u00bb column_border_radius=\u00a0\u00bbnone\u00a0\u00bb column_link_target=\u00a0\u00bb_self\u00a0\u00bb gradient_direction=\u00a0\u00bbleft_to_right\u00a0\u00bb overlay_strength=\u00a0\u00bb0.3&Prime; width=\u00a0\u00bb1\/6&Prime; tablet_width_inherit=\u00a0\u00bbdefault\u00a0\u00bb tablet_text_alignment=\u00a0\u00bbdefault\u00a0\u00bb phone_text_alignment=\u00a0\u00bbdefault\u00a0\u00bb bg_image_animation=\u00a0\u00bbnone\u00a0\u00bb border_type=\u00a0\u00bbsimple\u00a0\u00bb column_border_width=\u00a0\u00bbnone\u00a0\u00bb column_border_style=\u00a0\u00bbsolid\u00a0\u00bb][\/vc_column][\/vc_row][vc_row type=\u00a0\u00bbin_container\u00a0\u00bb full_screen_row_position=\u00a0\u00bbmiddle\u00a0\u00bb column_margin=\u00a0\u00bbdefault\u00a0\u00bb column_direction=\u00a0\u00bbdefault\u00a0\u00bb column_direction_tablet=\u00a0\u00bbdefault\u00a0\u00bb column_direction_phone=\u00a0\u00bbdefault\u00a0\u00bb scene_position=\u00a0\u00bbcenter\u00a0\u00bb text_color=\u00a0\u00bbdark\u00a0\u00bb text_align=\u00a0\u00bbleft\u00a0\u00bb row_border_radius=\u00a0\u00bbnone\u00a0\u00bb row_border_radius_applies=\u00a0\u00bbbg\u00a0\u00bb overlay_strength=\u00a0\u00bb0.3&Prime; gradient_direction=\u00a0\u00bbleft_to_right\u00a0\u00bb shape_divider_position=\u00a0\u00bbbottom\u00a0\u00bb bg_image_animation=\u00a0\u00bbnone\u00a0\u00bb][vc_column column_padding=\u00a0\u00bbno-extra-padding\u00a0\u00bb column_padding_tablet=\u00a0\u00bbinherit\u00a0\u00bb column_padding_phone=\u00a0\u00bbinherit\u00a0\u00bb column_padding_position=\u00a0\u00bball\u00a0\u00bb column_element_spacing=\u00a0\u00bbdefault\u00a0\u00bb background_color_opacity=\u00a0\u00bb1&Prime; background_hover_color_opacity=\u00a0\u00bb1&Prime; column_shadow=\u00a0\u00bbnone\u00a0\u00bb column_border_radius=\u00a0\u00bbnone\u00a0\u00bb column_link_target=\u00a0\u00bb_self\u00a0\u00bb gradient_direction=\u00a0\u00bbleft_to_right\u00a0\u00bb overlay_strength=\u00a0\u00bb0.3&Prime; width=\u00a0\u00bb1\/6&Prime; tablet_width_inherit=\u00a0\u00bbdefault\u00a0\u00bb tablet_text_alignment=\u00a0\u00bbdefault\u00a0\u00bb phone_text_alignment=\u00a0\u00bbdefault\u00a0\u00bb bg_image_animation=\u00a0\u00bbnone\u00a0\u00bb border_type=\u00a0\u00bbsimple\u00a0\u00bb column_border_width=\u00a0\u00bbnone\u00a0\u00bb column_border_style=\u00a0\u00bbsolid\u00a0\u00bb][\/vc_column][vc_column column_padding=\u00a0\u00bbno-extra-padding\u00a0\u00bb column_padding_tablet=\u00a0\u00bbinherit\u00a0\u00bb column_padding_phone=\u00a0\u00bbinherit\u00a0\u00bb column_padding_position=\u00a0\u00bball\u00a0\u00bb column_element_spacing=\u00a0\u00bbdefault\u00a0\u00bb background_color_opacity=\u00a0\u00bb1&Prime; background_hover_color_opacity=\u00a0\u00bb1&Prime; column_shadow=\u00a0\u00bbnone\u00a0\u00bb column_border_radius=\u00a0\u00bbnone\u00a0\u00bb column_link_target=\u00a0\u00bb_self\u00a0\u00bb gradient_direction=\u00a0\u00bbleft_to_right\u00a0\u00bb overlay_strength=\u00a0\u00bb0.3&Prime; width=\u00a0\u00bb2\/3&Prime; tablet_width_inherit=\u00a0\u00bbdefault\u00a0\u00bb tablet_text_alignment=\u00a0\u00bbdefault\u00a0\u00bb phone_text_alignment=\u00a0\u00bbdefault\u00a0\u00bb bg_image_animation=\u00a0\u00bbnone\u00a0\u00bb border_type=\u00a0\u00bbsimple\u00a0\u00bb column_border_width=\u00a0\u00bbnone\u00a0\u00bb column_border_style=\u00a0\u00bbsolid\u00a0\u00bb][vc_column_text]<strong><span style=\"color: #283583;\">Lyon, France, 14 mai 2025 \u2013 7h30 CET \u2013 <a href=\"https:\/\/maat.swebwp.oci.eu\/fr\/\">MaaT Pharma<\/a> (EURONEXT\u00a0: MAAT &#8211; la \u00ab\u00a0Soci\u00e9t\u00e9\u00a0\u00bb), soci\u00e9t\u00e9 de biotechnologies en stade clinique avanc\u00e9, leader dans le d\u00e9veloppement de Microbiome Ecosystem Therapies<sup>TM<\/sup> (MET) visant \u00e0 am\u00e9liorer la survie des patients atteints de cancers gr\u00e2ce \u00e0 la modulation du syst\u00e8me immunitaire, <\/span><\/strong>informe ses actionnaires que son Assembl\u00e9e g\u00e9n\u00e9rale mixte (ordinaire et extraordinaire) aura lieu le 20 juin 2025 \u00e0 9h30 CET au si\u00e8ge social de la Soci\u00e9t\u00e9, en France, situ\u00e9 au 70 avenue Tony Garnier, 69007 Lyon, et sera \u00e9galement retransmise en direct par voie audiovisuelle. L\u2019Assembl\u00e9e G\u00e9n\u00e9rale sera pr\u00e9c\u00e9d\u00e9e d\u2019une pr\u00e9sentation des r\u00e9centes avanc\u00e9es et perspectives par le management et d\u2019une session d&rsquo;\u00e9change qui se d\u00e9rouleront de 9h \u00e0 9h30 et durant laquelle les actionnaires pourront poser leurs questions.<\/p>\n<p>L\u2019avis de r\u00e9union valant avis de convocation a \u00e9t\u00e9 publi\u00e9 au Bulletin des annonces l\u00e9gales obligatoires du mercredi 14 mai 2025 (<a href=\"https:\/\/www.journal-officiel.gouv.fr\/pages\/balo\/\">www.journal\u2010officiel.gouv.fr\/balo<\/a>), au bulletin n\u00b0 58 (r\u00e9f\u00e9rence 2501869). Il contient l\u2019ordre du jour d\u00e9taill\u00e9, les projets de r\u00e9solutions ainsi que les principales modalit\u00e9s de participation et de vote \u00e0 cette Assembl\u00e9e.<\/p>\n<p>L\u2019avis de convocation sera publi\u00e9 au Journal des annonces l\u00e9gales \u00ab Le Tout Lyon \u00bb le 28 mai 2025. Il sera \u00e9galement adress\u00e9 aux actionnaires dont les titres sont inscrits au nominatif et mis \u00e0 la disposition des \u00e9tablissements teneurs de comptes de titres pour les actionnaires au porteur.<\/p>\n<p>Les documents et informations relatifs \u00e0 cette Assembl\u00e9e ont \u00e9t\u00e9 et seront, dans les conditions pr\u00e9vues par les dispositions l\u00e9gislatives et r\u00e9glementaires applicables :<\/p>\n<ul>\n<li>mis en ligne sur le site Internet de MaaT Pharma (<a href=\"https:\/\/maat.swebwp.oci.eu\/fr\/investisseurs\/\">www.maatpharma.com\/fr\/investisseurs<\/a>) sous la rubrique \u00ab Investisseurs \/ Assembl\u00e9es g\u00e9n\u00e9rales\/ 2025 \u00bb ;<\/li>\n<li>tenus \u00e0 la disposition des actionnaires au si\u00e8ge social de la Soci\u00e9t\u00e9 au 70 avenue Tony Garnier, 69007 Lyon, France ; et<\/li>\n<li>transmis aux actionnaires par Uptevia \u2013 Service Assembl\u00e9es G\u00e9n\u00e9rales, 90 \u2013 110 Esplanade du G\u00e9n\u00e9ral de Gaulle \u2013 92931 Paris La D\u00e9fense Cedex, \u00e0 la r\u00e9ception de leur demande.<\/li>\n<\/ul>\n<p>Toutes informations compl\u00e9mentaires sur cette Assembl\u00e9e g\u00e9n\u00e9rale et plus particuli\u00e8rement sur les modalit\u00e9s de vote des actionnaires sont disponibles sur le site <a href=\"https:\/\/maat.swebwp.oci.eu\/fr\/investisseurs\/\">www.maatpharma.com\/fr\/investisseurs<\/a> (\u00ab Participer \u00e0 l\u2019Assembl\u00e9e g\u00e9n\u00e9rale \u00bb). L\u2019Assembl\u00e9e G\u00e9n\u00e9rale fera l\u2019objet d\u2019une retransmission audiovisuelle en direct, accessible via le lien suivant <strong><a href=\"https:\/\/app.livestorm.co\/newcap-1\/maat-pharma-retransmission-en-direct-de-lassemblee-generale-le-20-juin-2025\">ici<\/a><\/strong>. Un enregistrement de l\u2019Assembl\u00e9e G\u00e9n\u00e9rale sera consultable sur le site Internet de la Soci\u00e9t\u00e9 dans le d\u00e9lai pr\u00e9vu par la r\u00e9glementation.[\/vc_column_text][\/vc_column][vc_column column_padding=\u00a0\u00bbno-extra-padding\u00a0\u00bb column_padding_tablet=\u00a0\u00bbinherit\u00a0\u00bb column_padding_phone=\u00a0\u00bbinherit\u00a0\u00bb column_padding_position=\u00a0\u00bball\u00a0\u00bb column_element_spacing=\u00a0\u00bbdefault\u00a0\u00bb background_color_opacity=\u00a0\u00bb1&Prime; background_hover_color_opacity=\u00a0\u00bb1&Prime; column_shadow=\u00a0\u00bbnone\u00a0\u00bb column_border_radius=\u00a0\u00bbnone\u00a0\u00bb column_link_target=\u00a0\u00bb_self\u00a0\u00bb gradient_direction=\u00a0\u00bbleft_to_right\u00a0\u00bb overlay_strength=\u00a0\u00bb0.3&Prime; width=\u00a0\u00bb1\/6&Prime; tablet_width_inherit=\u00a0\u00bbdefault\u00a0\u00bb tablet_text_alignment=\u00a0\u00bbdefault\u00a0\u00bb phone_text_alignment=\u00a0\u00bbdefault\u00a0\u00bb bg_image_animation=\u00a0\u00bbnone\u00a0\u00bb border_type=\u00a0\u00bbsimple\u00a0\u00bb column_border_width=\u00a0\u00bbnone\u00a0\u00bb column_border_style=\u00a0\u00bbsolid\u00a0\u00bb][\/vc_column][\/vc_row][vc_row type=\u00a0\u00bbin_container\u00a0\u00bb full_screen_row_position=\u00a0\u00bbmiddle\u00a0\u00bb column_margin=\u00a0\u00bbdefault\u00a0\u00bb column_direction=\u00a0\u00bbdefault\u00a0\u00bb column_direction_tablet=\u00a0\u00bbdefault\u00a0\u00bb column_direction_phone=\u00a0\u00bbdefault\u00a0\u00bb scene_position=\u00a0\u00bbcenter\u00a0\u00bb text_color=\u00a0\u00bbdark\u00a0\u00bb text_align=\u00a0\u00bbleft\u00a0\u00bb row_border_radius=\u00a0\u00bbnone\u00a0\u00bb row_border_radius_applies=\u00a0\u00bbbg\u00a0\u00bb overlay_strength=\u00a0\u00bb0.3&Prime; gradient_direction=\u00a0\u00bbleft_to_right\u00a0\u00bb shape_divider_position=\u00a0\u00bbbottom\u00a0\u00bb bg_image_animation=\u00a0\u00bbnone\u00a0\u00bb][vc_column column_padding=\u00a0\u00bbno-extra-padding\u00a0\u00bb column_padding_tablet=\u00a0\u00bbinherit\u00a0\u00bb column_padding_phone=\u00a0\u00bbinherit\u00a0\u00bb column_padding_position=\u00a0\u00bball\u00a0\u00bb column_element_spacing=\u00a0\u00bbdefault\u00a0\u00bb background_color_opacity=\u00a0\u00bb1&Prime; background_hover_color_opacity=\u00a0\u00bb1&Prime; column_shadow=\u00a0\u00bbnone\u00a0\u00bb column_border_radius=\u00a0\u00bbnone\u00a0\u00bb column_link_target=\u00a0\u00bb_self\u00a0\u00bb gradient_direction=\u00a0\u00bbleft_to_right\u00a0\u00bb overlay_strength=\u00a0\u00bb0.3&Prime; width=\u00a0\u00bb1\/6&Prime; tablet_width_inherit=\u00a0\u00bbdefault\u00a0\u00bb tablet_text_alignment=\u00a0\u00bbdefault\u00a0\u00bb phone_text_alignment=\u00a0\u00bbdefault\u00a0\u00bb bg_image_animation=\u00a0\u00bbnone\u00a0\u00bb border_type=\u00a0\u00bbsimple\u00a0\u00bb column_border_width=\u00a0\u00bbnone\u00a0\u00bb column_border_style=\u00a0\u00bbsolid\u00a0\u00bb][\/vc_column][vc_column column_padding=\u00a0\u00bbno-extra-padding\u00a0\u00bb column_padding_tablet=\u00a0\u00bbinherit\u00a0\u00bb column_padding_phone=\u00a0\u00bbinherit\u00a0\u00bb column_padding_position=\u00a0\u00bball\u00a0\u00bb column_element_spacing=\u00a0\u00bbdefault\u00a0\u00bb background_color_opacity=\u00a0\u00bb1&Prime; background_hover_color_opacity=\u00a0\u00bb1&Prime; column_shadow=\u00a0\u00bbnone\u00a0\u00bb column_border_radius=\u00a0\u00bbnone\u00a0\u00bb column_link_target=\u00a0\u00bb_self\u00a0\u00bb gradient_direction=\u00a0\u00bbleft_to_right\u00a0\u00bb overlay_strength=\u00a0\u00bb0.3&Prime; width=\u00a0\u00bb2\/3&Prime; tablet_width_inherit=\u00a0\u00bbdefault\u00a0\u00bb tablet_text_alignment=\u00a0\u00bbdefault\u00a0\u00bb phone_text_alignment=\u00a0\u00bbdefault\u00a0\u00bb bg_image_animation=\u00a0\u00bbnone\u00a0\u00bb border_type=\u00a0\u00bbsimple\u00a0\u00bb column_border_width=\u00a0\u00bbnone\u00a0\u00bb column_border_style=\u00a0\u00bbsolid\u00a0\u00bb][vc_column_text]<span style=\"color: #283583;\"><strong>A propos de MaaT Pharma<\/strong><\/span><\/p>\n<p>MaaT Pharma est une soci\u00e9t\u00e9 de biotechnologie en phase clinique avanc\u00e9e, leader dans le d\u00e9veloppement de m\u00e9dicaments issus du microbiote intestinal d\u00e9di\u00e9s \u00e0 moduler le syst\u00e8me immunitaire des patients atteints de cancer et \u00e0 am\u00e9liorer leur survie. Soutenue par une \u00e9quipe experte qui s&rsquo;engage \u00e0 faire la diff\u00e9rence pour les patients du monde entier, la Soci\u00e9t\u00e9 a \u00e9t\u00e9 fond\u00e9e en 2014 et est bas\u00e9e \u00e0 Lyon en France.<\/p>\n<p>Pionni\u00e8re dans son domaine, MaaT Pharma d\u00e9veloppe le premier candidat-m\u00e9dicament immunomodulateur bas\u00e9 sur le microbiote intestinal en oncologie, actuellement en phase 3 d\u2019\u00e9valuation clinique. Gr\u00e2ce \u00e0 ses technologies propri\u00e9taires de \u00ab pooling \u00bb (combinaison de dons de microbiotes sains) et de co-culture microbienne, MaaT Pharma d\u00e9veloppe des m\u00e9dicaments standardis\u00e9s \u00e0 haute diversit\u00e9 bact\u00e9rienne, visant \u00e0 am\u00e9liorer la survie des patients atteints de cancer. MaaT Pharma est cot\u00e9e sur Euronext Paris (MAAT) depuis 2021.[\/vc_column_text][vc_column_text]<span style=\"color: #283583;\"><strong>Donn\u00e9es prospectives<\/strong><\/span><\/p>\n<p>Ce communiqu\u00e9 de presse contient des d\u00e9clarations prospectives. Toutes les d\u00e9clarations autres que les \u00e9nonc\u00e9s de faits historiques inclus dans le pr\u00e9sent communiqu\u00e9 de presse au sujet d&rsquo;\u00e9v\u00e9nements futurs sont sujettes \u00e0 (i) des changements sans pr\u00e9avis et (ii) des facteurs ind\u00e9pendants de la volont\u00e9 de la Soci\u00e9t\u00e9. Ces d\u00e9clarations peuvent comprendre, sans s&rsquo;y limiter, tout \u00e9nonc\u00e9 pr\u00e9c\u00e9d\u00e9, suivi ou incluant des mots tels que \u00ab cibler \u00bb, \u00ab croire \u00bb, \u00ab s&rsquo;attendre \u00e0 \u00bb, \u00ab viser \u00bb, \u00ab avoir l&rsquo;intention de \u00bb, \u00ab pouvoir \u00bb, \u00ab pr\u00e9voir \u00bb, \u00ab estimer \u00bb, \u00ab planifier \u00bb, \u00ab projeter \u00bb, \u00ab vouloir \u00bb, \u00ab pouvoir avoir \u00bb, \u00ab susceptible de \u00bb, \u00ab probable \u00bb, \u00ab devoir \u00bb, \u00ab pr\u00e9visions \u00bb et d\u2019autres mots et termes ayant un sens similaire ou la forme n\u00e9gative qui en d\u00e9coule. Les d\u00e9clarations prospectives sont assujetties \u00e0 des risques et \u00e0 des incertitudes inh\u00e9rentes ind\u00e9pendants de la volont\u00e9 de la Soci\u00e9t\u00e9 qui pourraient conduire \u00e0 ce que les r\u00e9sultats ou les performances r\u00e9els de la Soci\u00e9t\u00e9 diff\u00e8rent consid\u00e9rablement des r\u00e9sultats ou des performances attendus exprim\u00e9s ou sous-entendus dans ces d\u00e9clarations prospectives.[\/vc_column_text][image_with_animation image_url=\u00a0\u00bb6212&Prime; animation=\u00a0\u00bbFade In\u00a0\u00bb hover_animation=\u00a0\u00bbnone\u00a0\u00bb alignment=\u00a0\u00bbcenter\u00a0\u00bb border_radius=\u00a0\u00bbnone\u00a0\u00bb box_shadow=\u00a0\u00bbnone\u00a0\u00bb image_loading=\u00a0\u00bbdefault\u00a0\u00bb max_width=\u00a0\u00bb100%\u00a0\u00bb max_width_mobile=\u00a0\u00bbdefault\u00a0\u00bb][\/vc_column][\/vc_row][vc_row type=\u00a0\u00bbin_container\u00a0\u00bb full_screen_row_position=\u00a0\u00bbmiddle\u00a0\u00bb column_margin=\u00a0\u00bbdefault\u00a0\u00bb column_direction=\u00a0\u00bbdefault\u00a0\u00bb column_direction_tablet=\u00a0\u00bbdefault\u00a0\u00bb column_direction_phone=\u00a0\u00bbdefault\u00a0\u00bb scene_position=\u00a0\u00bbcenter\u00a0\u00bb text_color=\u00a0\u00bbdark\u00a0\u00bb text_align=\u00a0\u00bbleft\u00a0\u00bb row_border_radius=\u00a0\u00bbnone\u00a0\u00bb row_border_radius_applies=\u00a0\u00bbbg\u00a0\u00bb overlay_strength=\u00a0\u00bb0.3&Prime; gradient_direction=\u00a0\u00bbleft_to_right\u00a0\u00bb shape_divider_position=\u00a0\u00bbbottom\u00a0\u00bb bg_image_animation=\u00a0\u00bbnone\u00a0\u00bb][vc_column column_padding=\u00a0\u00bbno-extra-padding\u00a0\u00bb column_padding_tablet=\u00a0\u00bbinherit\u00a0\u00bb column_padding_phone=\u00a0\u00bbinherit\u00a0\u00bb column_padding_position=\u00a0\u00bball\u00a0\u00bb column_element_spacing=\u00a0\u00bbdefault\u00a0\u00bb background_color_opacity=\u00a0\u00bb1&Prime; background_hover_color_opacity=\u00a0\u00bb1&Prime; column_shadow=\u00a0\u00bbnone\u00a0\u00bb column_border_radius=\u00a0\u00bbnone\u00a0\u00bb column_link_target=\u00a0\u00bb_self\u00a0\u00bb gradient_direction=\u00a0\u00bbleft_to_right\u00a0\u00bb overlay_strength=\u00a0\u00bb0.3&Prime; width=\u00a0\u00bb1\/3&Prime; tablet_width_inherit=\u00a0\u00bbdefault\u00a0\u00bb tablet_text_alignment=\u00a0\u00bbdefault\u00a0\u00bb phone_text_alignment=\u00a0\u00bbdefault\u00a0\u00bb bg_image_animation=\u00a0\u00bbnone\u00a0\u00bb border_type=\u00a0\u00bbsimple\u00a0\u00bb column_border_width=\u00a0\u00bbnone\u00a0\u00bb column_border_style=\u00a0\u00bbsolid\u00a0\u00bb][\/vc_column][vc_column column_padding=\u00a0\u00bbno-extra-padding\u00a0\u00bb column_padding_tablet=\u00a0\u00bbinherit\u00a0\u00bb column_padding_phone=\u00a0\u00bbinherit\u00a0\u00bb column_padding_position=\u00a0\u00bball\u00a0\u00bb column_element_spacing=\u00a0\u00bbdefault\u00a0\u00bb background_color_opacity=\u00a0\u00bb1&Prime; background_hover_color_opacity=\u00a0\u00bb1&Prime; column_shadow=\u00a0\u00bbnone\u00a0\u00bb column_border_radius=\u00a0\u00bbnone\u00a0\u00bb column_link_target=\u00a0\u00bb_self\u00a0\u00bb gradient_direction=\u00a0\u00bbleft_to_right\u00a0\u00bb overlay_strength=\u00a0\u00bb0.3&Prime; width=\u00a0\u00bb1\/3&Prime; tablet_width_inherit=\u00a0\u00bbdefault\u00a0\u00bb tablet_text_alignment=\u00a0\u00bbdefault\u00a0\u00bb phone_text_alignment=\u00a0\u00bbdefault\u00a0\u00bb bg_image_animation=\u00a0\u00bbnone\u00a0\u00bb border_type=\u00a0\u00bbsimple\u00a0\u00bb column_border_width=\u00a0\u00bbnone\u00a0\u00bb column_border_style=\u00a0\u00bbsolid\u00a0\u00bb][nectar_btn size=\u00a0\u00bblarge\u00a0\u00bb open_new_tab=\u00a0\u00bbtrue\u00a0\u00bb button_style=\u00a0\u00bbregular\u00a0\u00bb button_color_2=\u00a0\u00bbAccent-Color\u00a0\u00bb icon_family=\u00a0\u00bbnone\u00a0\u00bb text=\u00a0\u00bbT\u00e9l\u00e9charger le communiqu\u00e9 de presse\u00a0\u00bb url=\u00a0\u00bbhttps:\/\/maat.swebwp.oci.eu\/wp-content\/uploads\/2025\/05\/250514_CP_Maat-Pharma_annonce-AG_FR-VF.pdf\u00a0\u00bb][\/vc_column][vc_column column_padding=\u00a0\u00bbno-extra-padding\u00a0\u00bb column_padding_tablet=\u00a0\u00bbinherit\u00a0\u00bb column_padding_phone=\u00a0\u00bbinherit\u00a0\u00bb column_padding_position=\u00a0\u00bball\u00a0\u00bb column_element_spacing=\u00a0\u00bbdefault\u00a0\u00bb background_color_opacity=\u00a0\u00bb1&Prime; background_hover_color_opacity=\u00a0\u00bb1&Prime; column_shadow=\u00a0\u00bbnone\u00a0\u00bb column_border_radius=\u00a0\u00bbnone\u00a0\u00bb column_link_target=\u00a0\u00bb_self\u00a0\u00bb gradient_direction=\u00a0\u00bbleft_to_right\u00a0\u00bb overlay_strength=\u00a0\u00bb0.3&Prime; width=\u00a0\u00bb1\/3&Prime; tablet_width_inherit=\u00a0\u00bbdefault\u00a0\u00bb tablet_text_alignment=\u00a0\u00bbdefault\u00a0\u00bb phone_text_alignment=\u00a0\u00bbdefault\u00a0\u00bb bg_image_animation=\u00a0\u00bbnone\u00a0\u00bb border_type=\u00a0\u00bbsimple\u00a0\u00bb column_border_width=\u00a0\u00bbnone\u00a0\u00bb column_border_style=\u00a0\u00bbsolid\u00a0\u00bb][\/vc_column][\/vc_row][vc_row type=\u00a0\u00bbin_container\u00a0\u00bb full_screen_row_position=\u00a0\u00bbmiddle\u00a0\u00bb column_margin=\u00a0\u00bbdefault\u00a0\u00bb column_direction=\u00a0\u00bbdefault\u00a0\u00bb column_direction_tablet=\u00a0\u00bbdefault\u00a0\u00bb column_direction_phone=\u00a0\u00bbdefault\u00a0\u00bb scene_position=\u00a0\u00bbcenter\u00a0\u00bb text_color=\u00a0\u00bbdark\u00a0\u00bb text_align=\u00a0\u00bbleft\u00a0\u00bb row_border_radius=\u00a0\u00bbnone\u00a0\u00bb row_border_radius_applies=\u00a0\u00bbbg\u00a0\u00bb overlay_strength=\u00a0\u00bb0.3&Prime; gradient_direction=\u00a0\u00bbleft_to_right\u00a0\u00bb shape_divider_position=\u00a0\u00bbbottom\u00a0\u00bb bg_image_animation=\u00a0\u00bbnone\u00a0\u00bb][vc_column column_padding=\u00a0\u00bbno-extra-padding\u00a0\u00bb column_padding_tablet=\u00a0\u00bbinherit\u00a0\u00bb column_padding_phone=\u00a0\u00bbinherit\u00a0\u00bb column_padding_position=\u00a0\u00bball\u00a0\u00bb column_element_spacing=\u00a0\u00bbdefault\u00a0\u00bb background_color_opacity=\u00a0\u00bb1&Prime; background_hover_color_opacity=\u00a0\u00bb1&Prime; column_shadow=\u00a0\u00bbnone\u00a0\u00bb column_border_radius=\u00a0\u00bbnone\u00a0\u00bb column_link_target=\u00a0\u00bb_self\u00a0\u00bb gradient_direction=\u00a0\u00bbleft_to_right\u00a0\u00bb overlay_strength=\u00a0\u00bb0.3&Prime; width=\u00a0\u00bb1\/1&Prime; tablet_width_inherit=\u00a0\u00bbdefault\u00a0\u00bb tablet_text_alignment=\u00a0\u00bbdefault\u00a0\u00bb phone_text_alignment=\u00a0\u00bbdefault\u00a0\u00bb bg_image_animation=\u00a0\u00bbnone\u00a0\u00bb border_type=\u00a0\u00bbsimple\u00a0\u00bb column_border_width=\u00a0\u00bbnone\u00a0\u00bb column_border_style=\u00a0\u00bbsolid\u00a0\u00bb][\/vc_column][\/vc_row]\n","protected":false},"excerpt":{"rendered":"<p>[vc_row type=\u00a0\u00bbin_container\u00a0\u00bb full_screen_row_position=\u00a0\u00bbmiddle\u00a0\u00bb column_margin=\u00a0\u00bbdefault\u00a0\u00bb column_direction=\u00a0\u00bbdefault\u00a0\u00bb column_direction_tablet=\u00a0\u00bbdefault\u00a0\u00bb column_direction_phone=\u00a0\u00bbdefault\u00a0\u00bb scene_position=\u00a0\u00bbcenter\u00a0\u00bb text_color=\u00a0\u00bbdark\u00a0\u00bb text_align=\u00a0\u00bbleft\u00a0\u00bb row_border_radius=\u00a0\u00bbnone\u00a0\u00bb row_border_radius_applies=\u00a0\u00bbbg\u00a0\u00bb overlay_strength=\u00a0\u00bb0.3&Prime; gradient_direction=\u00a0\u00bbleft_to_right\u00a0\u00bb shape_divider_position=\u00a0\u00bbbottom\u00a0\u00bb bg_image_animation=\u00a0\u00bbnone\u00a0\u00bb][vc_column column_padding=\u00a0\u00bbno-extra-padding\u00a0\u00bb column_padding_tablet=\u00a0\u00bbinherit\u00a0\u00bb column_padding_phone=\u00a0\u00bbinherit\u00a0\u00bb column_padding_position=\u00a0\u00bball\u00a0\u00bb column_element_spacing=\u00a0\u00bbdefault\u00a0\u00bb background_color_opacity=\u00a0\u00bb1&Prime; background_hover_color_opacity=\u00a0\u00bb1&Prime; column_shadow=\u00a0\u00bbnone\u00a0\u00bb column_border_radius=\u00a0\u00bbnone\u00a0\u00bb column_link_target=\u00a0\u00bb_self\u00a0\u00bb gradient_direction=\u00a0\u00bbleft_to_right\u00a0\u00bb overlay_strength=\u00a0\u00bb0.3&Prime; width=\u00a0\u00bb1\/6&Prime; tablet_width_inherit=\u00a0\u00bbdefault\u00a0\u00bb&#8230;<\/p>\n","protected":false},"author":2,"featured_media":7120,"comment_status":"closed","ping_status":"closed","sticky":false,"template":"","format":"standard","meta":{"_acf_changed":false,"footnotes":""},"categories":[21],"tags":[182,220,216,139],"category_press":[68],"year_press":[172],"class_list":{"0":"post-15306","1":"post","2":"type-post","3":"status-publish","4":"format-standard","5":"has-post-thumbnail","7":"category-communiques-de-presse-fr","8":"tag-2025-fr","9":"tag-actionnaires","10":"tag-assemblee-generale","11":"tag-investisseurs","12":"category_press-financial-fr","13":"year_press-2025-2"},"acf":[],"yoast_head":"<!-- This site is optimized with the Yoast SEO plugin v25.3.1 - https:\/\/yoast.com\/wordpress\/plugins\/seo\/ -->\n<title>14 mai 2025 : MaaT Pharma annonce la tenue de son Assembl\u00e9e G\u00e9n\u00e9rale Mixte le 20 juin 2025 - MaaT Pharma<\/title>\n<meta name=\"robots\" content=\"noindex, follow, max-snippet:-1, max-image-preview:large, max-video-preview:-1\" \/>\n<meta property=\"og:locale\" content=\"fr_FR\" \/>\n<meta property=\"og:type\" content=\"article\" \/>\n<meta property=\"og:title\" content=\"14 mai 2025 : MaaT Pharma annonce la tenue de son Assembl\u00e9e G\u00e9n\u00e9rale Mixte le 20 juin 2025 - MaaT Pharma\" \/>\n<meta property=\"og:description\" content=\"[vc_row type=\u00a0\u00bbin_container\u00a0\u00bb full_screen_row_position=\u00a0\u00bbmiddle\u00a0\u00bb column_margin=\u00a0\u00bbdefault\u00a0\u00bb column_direction=\u00a0\u00bbdefault\u00a0\u00bb column_direction_tablet=\u00a0\u00bbdefault\u00a0\u00bb column_direction_phone=\u00a0\u00bbdefault\u00a0\u00bb scene_position=\u00a0\u00bbcenter\u00a0\u00bb text_color=\u00a0\u00bbdark\u00a0\u00bb text_align=\u00a0\u00bbleft\u00a0\u00bb row_border_radius=\u00a0\u00bbnone\u00a0\u00bb row_border_radius_applies=\u00a0\u00bbbg\u00a0\u00bb overlay_strength=\u00a0\u00bb0.3&Prime; gradient_direction=\u00a0\u00bbleft_to_right\u00a0\u00bb shape_divider_position=\u00a0\u00bbbottom\u00a0\u00bb bg_image_animation=\u00a0\u00bbnone\u00a0\u00bb][vc_column column_padding=\u00a0\u00bbno-extra-padding\u00a0\u00bb column_padding_tablet=\u00a0\u00bbinherit\u00a0\u00bb column_padding_phone=\u00a0\u00bbinherit\u00a0\u00bb column_padding_position=\u00a0\u00bball\u00a0\u00bb column_element_spacing=\u00a0\u00bbdefault\u00a0\u00bb background_color_opacity=\u00a0\u00bb1&Prime; background_hover_color_opacity=\u00a0\u00bb1&Prime; column_shadow=\u00a0\u00bbnone\u00a0\u00bb column_border_radius=\u00a0\u00bbnone\u00a0\u00bb column_link_target=\u00a0\u00bb_self\u00a0\u00bb gradient_direction=\u00a0\u00bbleft_to_right\u00a0\u00bb overlay_strength=\u00a0\u00bb0.3&Prime; width=\u00a0\u00bb1\/6&Prime; tablet_width_inherit=\u00a0\u00bbdefault\u00a0\u00bb...\" \/>\n<meta property=\"og:url\" content=\"https:\/\/maat.swebwp.oci.eu\/fr\/14-mai-2025-maat-pharma-annonce-la-tenue-de-son-assemblee-generale-mixte-le-20-juin-2025\/\" \/>\n<meta property=\"og:site_name\" content=\"MaaT Pharma\" \/>\n<meta property=\"article:published_time\" content=\"2025-05-14T05:30:42+00:00\" \/>\n<meta property=\"og:image\" content=\"https:\/\/maat.swebwp.oci.eu\/wp-content\/uploads\/2021\/12\/Website_maat_logo.png\" \/>\n\t<meta property=\"og:image:width\" content=\"1080\" \/>\n\t<meta property=\"og:image:height\" content=\"1080\" \/>\n\t<meta property=\"og:image:type\" content=\"image\/png\" \/>\n<meta name=\"author\" content=\"MaaT Pharma\" \/>\n<meta name=\"twitter:card\" content=\"summary_large_image\" \/>\n<meta name=\"twitter:label1\" content=\"\u00c9crit par\" \/>\n\t<meta name=\"twitter:data1\" content=\"MaaT Pharma\" \/>\n\t<meta name=\"twitter:label2\" content=\"Dur\u00e9e de lecture estim\u00e9e\" \/>\n\t<meta name=\"twitter:data2\" content=\"5 minutes\" \/>\n<script type=\"application\/ld+json\" class=\"yoast-schema-graph\">{\"@context\":\"https:\/\/schema.org\",\"@graph\":[{\"@type\":\"Article\",\"@id\":\"https:\/\/maat.swebwp.oci.eu\/fr\/14-mai-2025-maat-pharma-annonce-la-tenue-de-son-assemblee-generale-mixte-le-20-juin-2025\/#article\",\"isPartOf\":{\"@id\":\"https:\/\/maat.swebwp.oci.eu\/fr\/14-mai-2025-maat-pharma-annonce-la-tenue-de-son-assemblee-generale-mixte-le-20-juin-2025\/\"},\"author\":{\"name\":\"MaaT Pharma\",\"@id\":\"https:\/\/maat.swebwp.oci.eu\/#\/schema\/person\/2a1b26915c84fdbc8c7a8ebe36530d34\"},\"headline\":\"14 mai 2025 : MaaT Pharma annonce la tenue de son Assembl\u00e9e G\u00e9n\u00e9rale Mixte le 20 juin 2025\",\"datePublished\":\"2025-05-14T05:30:42+00:00\",\"mainEntityOfPage\":{\"@id\":\"https:\/\/maat.swebwp.oci.eu\/fr\/14-mai-2025-maat-pharma-annonce-la-tenue-de-son-assemblee-generale-mixte-le-20-juin-2025\/\"},\"wordCount\":2106,\"publisher\":{\"@id\":\"https:\/\/maat.swebwp.oci.eu\/#organization\"},\"image\":{\"@id\":\"https:\/\/maat.swebwp.oci.eu\/fr\/14-mai-2025-maat-pharma-annonce-la-tenue-de-son-assemblee-generale-mixte-le-20-juin-2025\/#primaryimage\"},\"thumbnailUrl\":\"https:\/\/maat.swebwp.oci.eu\/wp-content\/uploads\/2021\/12\/Website_maat_logo.png\",\"keywords\":[\"2025\",\"Actionnaires\",\"Assembl\u00e9e G\u00e9n\u00e9rale\",\"Investisseurs\"],\"articleSection\":[\"Communiqu\u00e9s de presse\"],\"inLanguage\":\"fr-FR\"},{\"@type\":\"WebPage\",\"@id\":\"https:\/\/maat.swebwp.oci.eu\/fr\/14-mai-2025-maat-pharma-annonce-la-tenue-de-son-assemblee-generale-mixte-le-20-juin-2025\/\",\"url\":\"https:\/\/maat.swebwp.oci.eu\/fr\/14-mai-2025-maat-pharma-annonce-la-tenue-de-son-assemblee-generale-mixte-le-20-juin-2025\/\",\"name\":\"14 mai 2025 : MaaT Pharma annonce la tenue de son Assembl\u00e9e G\u00e9n\u00e9rale Mixte le 20 juin 2025 - MaaT Pharma\",\"isPartOf\":{\"@id\":\"https:\/\/maat.swebwp.oci.eu\/#website\"},\"primaryImageOfPage\":{\"@id\":\"https:\/\/maat.swebwp.oci.eu\/fr\/14-mai-2025-maat-pharma-annonce-la-tenue-de-son-assemblee-generale-mixte-le-20-juin-2025\/#primaryimage\"},\"image\":{\"@id\":\"https:\/\/maat.swebwp.oci.eu\/fr\/14-mai-2025-maat-pharma-annonce-la-tenue-de-son-assemblee-generale-mixte-le-20-juin-2025\/#primaryimage\"},\"thumbnailUrl\":\"https:\/\/maat.swebwp.oci.eu\/wp-content\/uploads\/2021\/12\/Website_maat_logo.png\",\"datePublished\":\"2025-05-14T05:30:42+00:00\",\"breadcrumb\":{\"@id\":\"https:\/\/maat.swebwp.oci.eu\/fr\/14-mai-2025-maat-pharma-annonce-la-tenue-de-son-assemblee-generale-mixte-le-20-juin-2025\/#breadcrumb\"},\"inLanguage\":\"fr-FR\",\"potentialAction\":[{\"@type\":\"ReadAction\",\"target\":[\"https:\/\/maat.swebwp.oci.eu\/fr\/14-mai-2025-maat-pharma-annonce-la-tenue-de-son-assemblee-generale-mixte-le-20-juin-2025\/\"]}]},{\"@type\":\"ImageObject\",\"inLanguage\":\"fr-FR\",\"@id\":\"https:\/\/maat.swebwp.oci.eu\/fr\/14-mai-2025-maat-pharma-annonce-la-tenue-de-son-assemblee-generale-mixte-le-20-juin-2025\/#primaryimage\",\"url\":\"https:\/\/maat.swebwp.oci.eu\/wp-content\/uploads\/2021\/12\/Website_maat_logo.png\",\"contentUrl\":\"https:\/\/maat.swebwp.oci.eu\/wp-content\/uploads\/2021\/12\/Website_maat_logo.png\",\"width\":1080,\"height\":1080},{\"@type\":\"BreadcrumbList\",\"@id\":\"https:\/\/maat.swebwp.oci.eu\/fr\/14-mai-2025-maat-pharma-annonce-la-tenue-de-son-assemblee-generale-mixte-le-20-juin-2025\/#breadcrumb\",\"itemListElement\":[{\"@type\":\"ListItem\",\"position\":1,\"name\":\"Home\",\"item\":\"https:\/\/maat.swebwp.oci.eu\/fr\/\"},{\"@type\":\"ListItem\",\"position\":2,\"name\":\"14 mai 2025 : MaaT Pharma annonce la tenue de son Assembl\u00e9e G\u00e9n\u00e9rale Mixte le 20 juin 2025\"}]},{\"@type\":\"WebSite\",\"@id\":\"https:\/\/maat.swebwp.oci.eu\/#website\",\"url\":\"https:\/\/maat.swebwp.oci.eu\/\",\"name\":\"MaaT Pharma\",\"description\":\"microbiota gut to fight cancer\",\"publisher\":{\"@id\":\"https:\/\/maat.swebwp.oci.eu\/#organization\"},\"potentialAction\":[{\"@type\":\"SearchAction\",\"target\":{\"@type\":\"EntryPoint\",\"urlTemplate\":\"https:\/\/maat.swebwp.oci.eu\/?s={search_term_string}\"},\"query-input\":{\"@type\":\"PropertyValueSpecification\",\"valueRequired\":true,\"valueName\":\"search_term_string\"}}],\"inLanguage\":\"fr-FR\"},{\"@type\":\"Organization\",\"@id\":\"https:\/\/maat.swebwp.oci.eu\/#organization\",\"name\":\"Maat Pharma\",\"url\":\"https:\/\/maat.swebwp.oci.eu\/\",\"logo\":{\"@type\":\"ImageObject\",\"inLanguage\":\"fr-FR\",\"@id\":\"https:\/\/maat.swebwp.oci.eu\/#\/schema\/logo\/image\/\",\"url\":\"http:\/\/preprod-wadesign.fr\/maat-pharma\/wp-content\/uploads\/2018\/09\/maat-logo-rvb-header.png\",\"contentUrl\":\"http:\/\/preprod-wadesign.fr\/maat-pharma\/wp-content\/uploads\/2018\/09\/maat-logo-rvb-header.png\",\"width\":150,\"height\":171,\"caption\":\"Maat Pharma\"},\"image\":{\"@id\":\"https:\/\/maat.swebwp.oci.eu\/#\/schema\/logo\/image\/\"}},{\"@type\":\"Person\",\"@id\":\"https:\/\/maat.swebwp.oci.eu\/#\/schema\/person\/2a1b26915c84fdbc8c7a8ebe36530d34\",\"name\":\"MaaT Pharma\"}]}<\/script>\n<!-- \/ Yoast SEO plugin. -->","yoast_head_json":{"title":"14 mai 2025 : MaaT Pharma annonce la tenue de son Assembl\u00e9e G\u00e9n\u00e9rale Mixte le 20 juin 2025 - MaaT Pharma","robots":{"index":"noindex","follow":"follow","max-snippet":"max-snippet:-1","max-image-preview":"max-image-preview:large","max-video-preview":"max-video-preview:-1"},"og_locale":"fr_FR","og_type":"article","og_title":"14 mai 2025 : MaaT Pharma annonce la tenue de son Assembl\u00e9e G\u00e9n\u00e9rale Mixte le 20 juin 2025 - MaaT Pharma","og_description":"[vc_row type=\u00a0\u00bbin_container\u00a0\u00bb full_screen_row_position=\u00a0\u00bbmiddle\u00a0\u00bb column_margin=\u00a0\u00bbdefault\u00a0\u00bb column_direction=\u00a0\u00bbdefault\u00a0\u00bb column_direction_tablet=\u00a0\u00bbdefault\u00a0\u00bb column_direction_phone=\u00a0\u00bbdefault\u00a0\u00bb scene_position=\u00a0\u00bbcenter\u00a0\u00bb text_color=\u00a0\u00bbdark\u00a0\u00bb text_align=\u00a0\u00bbleft\u00a0\u00bb row_border_radius=\u00a0\u00bbnone\u00a0\u00bb row_border_radius_applies=\u00a0\u00bbbg\u00a0\u00bb overlay_strength=\u00a0\u00bb0.3&Prime; gradient_direction=\u00a0\u00bbleft_to_right\u00a0\u00bb shape_divider_position=\u00a0\u00bbbottom\u00a0\u00bb bg_image_animation=\u00a0\u00bbnone\u00a0\u00bb][vc_column column_padding=\u00a0\u00bbno-extra-padding\u00a0\u00bb column_padding_tablet=\u00a0\u00bbinherit\u00a0\u00bb column_padding_phone=\u00a0\u00bbinherit\u00a0\u00bb column_padding_position=\u00a0\u00bball\u00a0\u00bb column_element_spacing=\u00a0\u00bbdefault\u00a0\u00bb background_color_opacity=\u00a0\u00bb1&Prime; background_hover_color_opacity=\u00a0\u00bb1&Prime; column_shadow=\u00a0\u00bbnone\u00a0\u00bb column_border_radius=\u00a0\u00bbnone\u00a0\u00bb column_link_target=\u00a0\u00bb_self\u00a0\u00bb gradient_direction=\u00a0\u00bbleft_to_right\u00a0\u00bb overlay_strength=\u00a0\u00bb0.3&Prime; width=\u00a0\u00bb1\/6&Prime; tablet_width_inherit=\u00a0\u00bbdefault\u00a0\u00bb...","og_url":"https:\/\/maat.swebwp.oci.eu\/fr\/14-mai-2025-maat-pharma-annonce-la-tenue-de-son-assemblee-generale-mixte-le-20-juin-2025\/","og_site_name":"MaaT Pharma","article_published_time":"2025-05-14T05:30:42+00:00","og_image":[{"width":1080,"height":1080,"url":"https:\/\/maat.swebwp.oci.eu\/wp-content\/uploads\/2021\/12\/Website_maat_logo.png","type":"image\/png"}],"author":"MaaT Pharma","twitter_card":"summary_large_image","twitter_misc":{"\u00c9crit par":"MaaT Pharma","Dur\u00e9e de lecture estim\u00e9e":"5 minutes"},"schema":{"@context":"https:\/\/schema.org","@graph":[{"@type":"Article","@id":"https:\/\/maat.swebwp.oci.eu\/fr\/14-mai-2025-maat-pharma-annonce-la-tenue-de-son-assemblee-generale-mixte-le-20-juin-2025\/#article","isPartOf":{"@id":"https:\/\/maat.swebwp.oci.eu\/fr\/14-mai-2025-maat-pharma-annonce-la-tenue-de-son-assemblee-generale-mixte-le-20-juin-2025\/"},"author":{"name":"MaaT Pharma","@id":"https:\/\/maat.swebwp.oci.eu\/#\/schema\/person\/2a1b26915c84fdbc8c7a8ebe36530d34"},"headline":"14 mai 2025 : MaaT Pharma annonce la tenue de son Assembl\u00e9e G\u00e9n\u00e9rale Mixte le 20 juin 2025","datePublished":"2025-05-14T05:30:42+00:00","mainEntityOfPage":{"@id":"https:\/\/maat.swebwp.oci.eu\/fr\/14-mai-2025-maat-pharma-annonce-la-tenue-de-son-assemblee-generale-mixte-le-20-juin-2025\/"},"wordCount":2106,"publisher":{"@id":"https:\/\/maat.swebwp.oci.eu\/#organization"},"image":{"@id":"https:\/\/maat.swebwp.oci.eu\/fr\/14-mai-2025-maat-pharma-annonce-la-tenue-de-son-assemblee-generale-mixte-le-20-juin-2025\/#primaryimage"},"thumbnailUrl":"https:\/\/maat.swebwp.oci.eu\/wp-content\/uploads\/2021\/12\/Website_maat_logo.png","keywords":["2025","Actionnaires","Assembl\u00e9e G\u00e9n\u00e9rale","Investisseurs"],"articleSection":["Communiqu\u00e9s de presse"],"inLanguage":"fr-FR"},{"@type":"WebPage","@id":"https:\/\/maat.swebwp.oci.eu\/fr\/14-mai-2025-maat-pharma-annonce-la-tenue-de-son-assemblee-generale-mixte-le-20-juin-2025\/","url":"https:\/\/maat.swebwp.oci.eu\/fr\/14-mai-2025-maat-pharma-annonce-la-tenue-de-son-assemblee-generale-mixte-le-20-juin-2025\/","name":"14 mai 2025 : MaaT Pharma annonce la tenue de son Assembl\u00e9e G\u00e9n\u00e9rale Mixte le 20 juin 2025 - MaaT Pharma","isPartOf":{"@id":"https:\/\/maat.swebwp.oci.eu\/#website"},"primaryImageOfPage":{"@id":"https:\/\/maat.swebwp.oci.eu\/fr\/14-mai-2025-maat-pharma-annonce-la-tenue-de-son-assemblee-generale-mixte-le-20-juin-2025\/#primaryimage"},"image":{"@id":"https:\/\/maat.swebwp.oci.eu\/fr\/14-mai-2025-maat-pharma-annonce-la-tenue-de-son-assemblee-generale-mixte-le-20-juin-2025\/#primaryimage"},"thumbnailUrl":"https:\/\/maat.swebwp.oci.eu\/wp-content\/uploads\/2021\/12\/Website_maat_logo.png","datePublished":"2025-05-14T05:30:42+00:00","breadcrumb":{"@id":"https:\/\/maat.swebwp.oci.eu\/fr\/14-mai-2025-maat-pharma-annonce-la-tenue-de-son-assemblee-generale-mixte-le-20-juin-2025\/#breadcrumb"},"inLanguage":"fr-FR","potentialAction":[{"@type":"ReadAction","target":["https:\/\/maat.swebwp.oci.eu\/fr\/14-mai-2025-maat-pharma-annonce-la-tenue-de-son-assemblee-generale-mixte-le-20-juin-2025\/"]}]},{"@type":"ImageObject","inLanguage":"fr-FR","@id":"https:\/\/maat.swebwp.oci.eu\/fr\/14-mai-2025-maat-pharma-annonce-la-tenue-de-son-assemblee-generale-mixte-le-20-juin-2025\/#primaryimage","url":"https:\/\/maat.swebwp.oci.eu\/wp-content\/uploads\/2021\/12\/Website_maat_logo.png","contentUrl":"https:\/\/maat.swebwp.oci.eu\/wp-content\/uploads\/2021\/12\/Website_maat_logo.png","width":1080,"height":1080},{"@type":"BreadcrumbList","@id":"https:\/\/maat.swebwp.oci.eu\/fr\/14-mai-2025-maat-pharma-annonce-la-tenue-de-son-assemblee-generale-mixte-le-20-juin-2025\/#breadcrumb","itemListElement":[{"@type":"ListItem","position":1,"name":"Home","item":"https:\/\/maat.swebwp.oci.eu\/fr\/"},{"@type":"ListItem","position":2,"name":"14 mai 2025 : MaaT Pharma annonce la tenue de son Assembl\u00e9e G\u00e9n\u00e9rale Mixte le 20 juin 2025"}]},{"@type":"WebSite","@id":"https:\/\/maat.swebwp.oci.eu\/#website","url":"https:\/\/maat.swebwp.oci.eu\/","name":"MaaT Pharma","description":"microbiota gut to fight cancer","publisher":{"@id":"https:\/\/maat.swebwp.oci.eu\/#organization"},"potentialAction":[{"@type":"SearchAction","target":{"@type":"EntryPoint","urlTemplate":"https:\/\/maat.swebwp.oci.eu\/?s={search_term_string}"},"query-input":{"@type":"PropertyValueSpecification","valueRequired":true,"valueName":"search_term_string"}}],"inLanguage":"fr-FR"},{"@type":"Organization","@id":"https:\/\/maat.swebwp.oci.eu\/#organization","name":"Maat Pharma","url":"https:\/\/maat.swebwp.oci.eu\/","logo":{"@type":"ImageObject","inLanguage":"fr-FR","@id":"https:\/\/maat.swebwp.oci.eu\/#\/schema\/logo\/image\/","url":"http:\/\/preprod-wadesign.fr\/maat-pharma\/wp-content\/uploads\/2018\/09\/maat-logo-rvb-header.png","contentUrl":"http:\/\/preprod-wadesign.fr\/maat-pharma\/wp-content\/uploads\/2018\/09\/maat-logo-rvb-header.png","width":150,"height":171,"caption":"Maat Pharma"},"image":{"@id":"https:\/\/maat.swebwp.oci.eu\/#\/schema\/logo\/image\/"}},{"@type":"Person","@id":"https:\/\/maat.swebwp.oci.eu\/#\/schema\/person\/2a1b26915c84fdbc8c7a8ebe36530d34","name":"MaaT Pharma"}]}},"_links":{"self":[{"href":"https:\/\/maat.swebwp.oci.eu\/fr\/wp-json\/wp\/v2\/posts\/15306","targetHints":{"allow":["GET"]}}],"collection":[{"href":"https:\/\/maat.swebwp.oci.eu\/fr\/wp-json\/wp\/v2\/posts"}],"about":[{"href":"https:\/\/maat.swebwp.oci.eu\/fr\/wp-json\/wp\/v2\/types\/post"}],"author":[{"embeddable":true,"href":"https:\/\/maat.swebwp.oci.eu\/fr\/wp-json\/wp\/v2\/users\/2"}],"replies":[{"embeddable":true,"href":"https:\/\/maat.swebwp.oci.eu\/fr\/wp-json\/wp\/v2\/comments?post=15306"}],"version-history":[{"count":0,"href":"https:\/\/maat.swebwp.oci.eu\/fr\/wp-json\/wp\/v2\/posts\/15306\/revisions"}],"wp:featuredmedia":[{"embeddable":true,"href":"https:\/\/maat.swebwp.oci.eu\/fr\/wp-json\/wp\/v2\/media\/7120"}],"wp:attachment":[{"href":"https:\/\/maat.swebwp.oci.eu\/fr\/wp-json\/wp\/v2\/media?parent=15306"}],"wp:term":[{"taxonomy":"category","embeddable":true,"href":"https:\/\/maat.swebwp.oci.eu\/fr\/wp-json\/wp\/v2\/categories?post=15306"},{"taxonomy":"post_tag","embeddable":true,"href":"https:\/\/maat.swebwp.oci.eu\/fr\/wp-json\/wp\/v2\/tags?post=15306"},{"taxonomy":"category_press","embeddable":true,"href":"https:\/\/maat.swebwp.oci.eu\/fr\/wp-json\/wp\/v2\/category_press?post=15306"},{"taxonomy":"year_press","embeddable":true,"href":"https:\/\/maat.swebwp.oci.eu\/fr\/wp-json\/wp\/v2\/year_press?post=15306"}],"curies":[{"name":"wp","href":"https:\/\/api.w.org\/{rel}","templated":true}]}}